{"id":4634,"date":"2023-10-04T17:45:00","date_gmt":"2023-10-04T17:45:00","guid":{"rendered":"https:\/\/eduardomauricioadvocacia.com\/?p=4634"},"modified":"2024-10-08T17:48:47","modified_gmt":"2024-10-08T17:48:47","slug":"ato-presidencial-nacional-n60-2023","status":"publish","type":"post","link":"https:\/\/eduardomauricioadvocacia.com\/index.php\/2023\/10\/04\/ato-presidencial-nacional-n60-2023\/","title":{"rendered":"Ato Presidencial Nacional n\u00b060\/2023"},"content":{"rendered":"\n<blockquote class=\"wp-block-quote is-layout-flow wp-block-quote-is-layout-flow\">\n<p><a href=\"https:\/\/web.abracrim.adv.br\/ato-presidencial-nacional-n60-2023\/\">Publicado em:&nbsp;<time datetime=\"2023-10-04T16:50:04-03:00\">4 de outubro de 2023<\/time><\/a><\/p>\n<\/blockquote>\n\n\n\n<p>A ASSOCIA\u00c7\u00c3O BRASILEIRA DOS ADVOGADOS CRIMINALISTAS \u2013 ABRACRIM, atrav\u00e9s do seu presidente nacional no exerc\u00edcio das suas atribui\u00e7\u00f5es estatut\u00e1rias, institui a Comiss\u00e3o Estadual de Direito Penal Internacional e, neste mesmo ato, nomeia os advogados<\/p>\n\n\n\n<p>EDUARDO TADEU MAUR\u00cdCIO (OAB\/SP 449501), Presidente<\/p>\n\n\n\n<p>Victor Augusto Bialski \u2013 OAB\/SP 442.238 \u2013 Vice-presidente<\/p>\n\n\n\n<p>Felipe Pires Morandini \u2013 OAB\/SP 406.467 \u2013 Secret\u00e1rio<\/p>\n\n\n\n<p>Ester M. Soares da Silva \u2013 OAB\/SP 438.338 \u2013 Diretora de rela\u00e7\u00f5es institucionais<\/p>\n\n\n\n<p>regularmente associados, para assumirem os cargos da comiss\u00e3o e nesta condi\u00e7\u00e3o possam, doravante, atuar e desenvolver a\u00e7\u00f5es conforme disposi\u00e7\u00f5es estatut\u00e1rias.<\/p>\n\n\n\n<p>Revogam-se todos os atos anteriores.<\/p>\n\n\n\n<p>\u00c9 o ato. Publique-se.<\/p>\n\n\n\n<p>S\u00e3o Paulo\/SP, 04 de outubro de 2023<\/p>\n\n\n\n<p>SHEYNER Y\u00c0SBECK ASF\u00d3RA<br>Presidente nacional da Abracrim em exerc\u00edcio<\/p>\n\n\n\n<p>Cristiano Joukhadar<br>Presidente da Abracrim-SP<\/p>\n\n\n\n<p><a href=\"https:\/\/web.abracrim.adv.br\/ato-presidencial-nacional-n60-2023\/\">https:\/\/web.abracrim.adv.br\/ato-presidencial-nacional-n60-2023\/<\/a><\/p>\n\n\n\n<p><\/p>\n","protected":false},"excerpt":{"rendered":"<p>Publicado em:&nbsp;4 de outubro de 2023 A ASSOCIA\u00c7\u00c3O BRASILEIRA DOS ADVOGADOS CRIMINALISTAS \u2013 ABRACRIM, atrav\u00e9s do seu presidente nacional no exerc\u00edcio das suas atribui\u00e7\u00f5es estatut\u00e1rias, institui a Comiss\u00e3o Estadual de Direito Penal Internacional e, neste mesmo ato, nomeia os advogados EDUARDO TADEU MAUR\u00cdCIO (OAB\/SP 449501), Presidente Victor Augusto Bialski \u2013 OAB\/SP 442.238 \u2013 Vice-presidente Felipe [&hellip;]<\/p>\n","protected":false},"author":3,"featured_media":0,"comment_status":"open","ping_status":"open","sticky":false,"template":"","format":"standard","meta":{"_seopress_robots_primary_cat":"","_seopress_titles_title":"","_seopress_titles_desc":"","_seopress_robots_index":"","footnotes":""},"categories":[309],"tags":[],"class_list":["post-4634","post","type-post","status-publish","format-standard","hentry","category-nomeacoes"],"_links":{"self":[{"href":"https:\/\/eduardomauricioadvocacia.com\/index.php\/wp-json\/wp\/v2\/posts\/4634","targetHints":{"allow":["GET"]}}],"collection":[{"href":"https:\/\/eduardomauricioadvocacia.com\/index.php\/wp-json\/wp\/v2\/posts"}],"about":[{"href":"https:\/\/eduardomauricioadvocacia.com\/index.php\/wp-json\/wp\/v2\/types\/post"}],"author":[{"embeddable":true,"href":"https:\/\/eduardomauricioadvocacia.com\/index.php\/wp-json\/wp\/v2\/users\/3"}],"replies":[{"embeddable":true,"href":"https:\/\/eduardomauricioadvocacia.com\/index.php\/wp-json\/wp\/v2\/comments?post=4634"}],"version-history":[{"count":2,"href":"https:\/\/eduardomauricioadvocacia.com\/index.php\/wp-json\/wp\/v2\/posts\/4634\/revisions"}],"predecessor-version":[{"id":4636,"href":"https:\/\/eduardomauricioadvocacia.com\/index.php\/wp-json\/wp\/v2\/posts\/4634\/revisions\/4636"}],"wp:attachment":[{"href":"https:\/\/eduardomauricioadvocacia.com\/index.php\/wp-json\/wp\/v2\/media?parent=4634"}],"wp:term":[{"taxonomy":"category","embeddable":true,"href":"https:\/\/eduardomauricioadvocacia.com\/index.php\/wp-json\/wp\/v2\/categories?post=4634"},{"taxonomy":"post_tag","embeddable":true,"href":"https:\/\/eduardomauricioadvocacia.com\/index.php\/wp-json\/wp\/v2\/tags?post=4634"}],"curies":[{"name":"wp","href":"https:\/\/api.w.org\/{rel}","templated":true}]}}