{"id":4770,"date":"2024-10-26T12:17:54","date_gmt":"2024-10-26T12:17:54","guid":{"rendered":"https:\/\/eduardomauricioadvocacia.com\/?p=4770"},"modified":"2024-11-28T15:36:53","modified_gmt":"2024-11-28T15:36:53","slug":"justica-tira-tornozeleira-do-lobo-de-wall-street-2","status":"publish","type":"post","link":"https:\/\/eduardomauricioadvocacia.com\/index.php\/2024\/10\/26\/justica-tira-tornozeleira-do-lobo-de-wall-street-2\/","title":{"rendered":"Justi\u00e7a tira tornozeleira do &#8216;Lobo de Wall Street&#8217;"},"content":{"rendered":"\n<p>Fonte: <a href=\"https:\/\/noticias.uol.com.br\/ultimas-noticias\/agencia-estado\/2024\/10\/24\/justica-tira-tornozeleira-do-lobo-de-wall-street.htm\">https:\/\/noticias.uol.com.br\/ultimas-noticias\/agencia-estado\/2024\/10\/24\/justica-tira-tornozeleira-do-lobo-de-wall-street.htm<\/a><\/p>\n\n\n\n<p>A Justi\u00e7a Federal mandou tirar a tornozeleira eletr\u00f4nica do consultor de investimentos Eduardo Omeltech Rodrigues, de 29 anos, que ficou conhecido como o &#8216;Lobo de Wall Street&#8217;. Ele foi o alvo principal de uma opera\u00e7\u00e3o da Pol\u00edcia Civil do Distrito Federal, deflagrada em mar\u00e7o de 2023, que desmontou esquema de golpes financeiros, causando preju\u00edzos estimados em R$ 16 milh\u00f5es.<\/p>\n\n\n\n<p>A decis\u00e3o que livra Omeltech do monitoramento eletr\u00f4nico foi decretada pelo juiz Ricardo Augusto Soares Leite, da 10\u00aa Vara Criminal Federal do DF.<\/p>\n\n\n\n<p>No fim de setembro, o juiz imp\u00f4s ao investigado outras medidas cautelares, previstas no artigo 319 do C\u00f3digo de Processo Penal &#8211; no caso, comparecimento mensal em ju\u00edzo para justificar atividades, a obriga\u00e7\u00e3o de manter o endere\u00e7o atualizado e de n\u00e3o se ausentar da comarca sem autoriza\u00e7\u00e3o judicial, al\u00e9m do compromisso de comparecer a todos os atos processuais e prestar depoimentos quando solicitado.<\/p>\n\n\n\n<p>&#8220;Mais uma vez foi feita Justi\u00e7a&#8221;, afirma o advogado Eduardo Maur\u00edcio, que defende Omeltech.<\/p>\n\n\n\n<p>Extraditado para o Brasil, quando a opera\u00e7\u00e3o foi desencadeada, em mar\u00e7o de 2023, ele teve sua pris\u00e3o preventiva revogada, mas o juiz o submeteu ao monitoramento com tornozeleira, medida agora derrubada.<\/p>\n\n\n\n<p>O golpe atribu\u00eddo a Omeltech foi inspirado no filme O Lobo de Wall Street, segundo os investigadores. Da\u00ed a alcunha dada ao consultor. Ele teria arquitetado falsos investimentos. A Pol\u00edcia informou que as investiga\u00e7\u00f5es o inclu\u00edram em uma organiza\u00e7\u00e3o criminosa internacional respons\u00e1vel por golpes financeiros.<\/p>\n\n\n\n<p>O advogado criminalista Eduardo Maur\u00edcio, que defende o \u0091Lobo de Wall Street\u0092, considera que \u0091mais uma vez foi feita Justi\u00e7a&#8221;. &#8220;A decis\u00e3o \u00e9 uma vit\u00f3ria importante para o meu cliente. Ap\u00f3s revogar a pris\u00e3o preventiva, a Justi\u00e7a agiu corretamente ao remover a tornozeleira eletr\u00f4nica e aplicar outras medidas menos invasivas.&#8221; Para Eduardo Maur\u00edcio, \u0091a tornozeleira eletr\u00f4nica fere o princ\u00edpio da dignidade da pessoa humana, impondo um constrangimento ilegal ao direito \u00e0 liberdade de quem \u00e9 investigado ou acusado, mas que ainda goza da presun\u00e7\u00e3o de inoc\u00eancia garantida pela Constitui\u00e7\u00e3o\u0092.<\/p>\n\n\n\n<p>O criminalista diz que a exclus\u00e3o da tornozeleira reflete um momento importante para a defesa dos direitos e garantias constitucionais. &#8220;Esta decis\u00e3o representa importante passo para se evitar constrangimentos indevidos aos investigados.&#8221;<\/p>\n\n\n\n<p><\/p>\n\n\n\n<p><\/p>\n\n\n\n<p><\/p>\n","protected":false},"excerpt":{"rendered":"<p>Fonte: https:\/\/noticias.uol.com.br\/ultimas-noticias\/agencia-estado\/2024\/10\/24\/justica-tira-tornozeleira-do-lobo-de-wall-street.htm A Justi\u00e7a Federal mandou tirar a tornozeleira eletr\u00f4nica do consultor de investimentos Eduardo Omeltech Rodrigues, de 29 anos, que ficou conhecido como o &#8216;Lobo de Wall Street&#8217;. Ele foi o alvo principal de uma opera\u00e7\u00e3o da Pol\u00edcia Civil do Distrito Federal, deflagrada em mar\u00e7o de 2023, que desmontou esquema de golpes financeiros, causando [&hellip;]<\/p>\n","protected":false},"author":3,"featured_media":4771,"comment_status":"open","ping_status":"open","sticky":false,"template":"","format":"standard","meta":{"_seopress_robots_primary_cat":"","_seopress_titles_title":"","_seopress_titles_desc":"","_seopress_robots_index":"","footnotes":""},"categories":[20],"tags":[168,111,89,165,38,79,72,62,74],"class_list":["post-4770","post","type-post","status-publish","format-standard","has-post-thumbnail","hentry","category-imprensa","tag-advogado24horas","tag-advogadobrasileiroemportugal","tag-extradicao-2","tag-melhoradvogadoemportugal","tag-advogado-criminalista","tag-destaque_hp","tag-direitopenal","tag-extradicao","tag-skyecc"],"_links":{"self":[{"href":"https:\/\/eduardomauricioadvocacia.com\/index.php\/wp-json\/wp\/v2\/posts\/4770","targetHints":{"allow":["GET"]}}],"collection":[{"href":"https:\/\/eduardomauricioadvocacia.com\/index.php\/wp-json\/wp\/v2\/posts"}],"about":[{"href":"https:\/\/eduardomauricioadvocacia.com\/index.php\/wp-json\/wp\/v2\/types\/post"}],"author":[{"embeddable":true,"href":"https:\/\/eduardomauricioadvocacia.com\/index.php\/wp-json\/wp\/v2\/users\/3"}],"replies":[{"embeddable":true,"href":"https:\/\/eduardomauricioadvocacia.com\/index.php\/wp-json\/wp\/v2\/comments?post=4770"}],"version-history":[{"count":3,"href":"https:\/\/eduardomauricioadvocacia.com\/index.php\/wp-json\/wp\/v2\/posts\/4770\/revisions"}],"predecessor-version":[{"id":4775,"href":"https:\/\/eduardomauricioadvocacia.com\/index.php\/wp-json\/wp\/v2\/posts\/4770\/revisions\/4775"}],"wp:featuredmedia":[{"embeddable":true,"href":"https:\/\/eduardomauricioadvocacia.com\/index.php\/wp-json\/wp\/v2\/media\/4771"}],"wp:attachment":[{"href":"https:\/\/eduardomauricioadvocacia.com\/index.php\/wp-json\/wp\/v2\/media?parent=4770"}],"wp:term":[{"taxonomy":"category","embeddable":true,"href":"https:\/\/eduardomauricioadvocacia.com\/index.php\/wp-json\/wp\/v2\/categories?post=4770"},{"taxonomy":"post_tag","embeddable":true,"href":"https:\/\/eduardomauricioadvocacia.com\/index.php\/wp-json\/wp\/v2\/tags?post=4770"}],"curies":[{"name":"wp","href":"https:\/\/api.w.org\/{rel}","templated":true}]}}