{"id":4777,"date":"2024-10-26T12:33:15","date_gmt":"2024-10-26T12:33:15","guid":{"rendered":"https:\/\/eduardomauricioadvocacia.com\/?p=4777"},"modified":"2024-10-26T12:33:15","modified_gmt":"2024-10-26T12:33:15","slug":"justica-federal-remove-tornozeleira-de-eduardo-omeltech-o-lobo-de-wall-street-brasileiro","status":"publish","type":"post","link":"https:\/\/eduardomauricioadvocacia.com\/index.php\/2024\/10\/26\/justica-federal-remove-tornozeleira-de-eduardo-omeltech-o-lobo-de-wall-street-brasileiro\/","title":{"rendered":"Justi\u00e7a Federal remove tornozeleira de Eduardo Omeltech, o \u2018Lobo de Wall Street\u2019 brasileiro"},"content":{"rendered":"\n<p><\/p>\n\n\n\n<p>Fonte:<a href=\"https:\/\/jovempan.com.br\/noticias\/brasil\/justica-federal-remove-tornozeleira-de-eduardo-omeltech-o-lobo-de-wall-street-brasileiro.html?amp\">https:\/\/jovempan.com.br\/noticias\/brasil\/justica-federal-remove-tornozeleira-de-eduardo-omeltech-o-lobo-de-wall-street-brasileiro.html?amp<\/a><\/p>\n\n\n\n<p>A\u00a0<strong>Justi\u00e7a Federal<\/strong>\u00a0determinou a remo\u00e7\u00e3o da tornozeleira eletr\u00f4nica do consultor de investimentos\u00a0<strong>Eduardo Omeltech Rodrigues<\/strong>, popularmente conhecido como \u2018Lobo de Wall Street\u2019. Ele foi o principal alvo de uma opera\u00e7\u00e3o da Pol\u00edcia Civil do Distrito Federal, realizada em mar\u00e7o de 2023, que desmantelou um esquema de fraudes financeiras, resultando em perdas estimadas em R$ 16 milh\u00f5es. A decis\u00e3o foi proferida pelo juiz\u00a0<strong>Ricardo Augusto Soares Leite<\/strong>, da 10\u00aa Vara Criminal Federal do DF. Em setembro, o magistrado j\u00e1 havia imposto outras medidas cautelares, que inclu\u00edam a obrigatoriedade de comparecimento mensal ao tribunal, atualiza\u00e7\u00e3o de endere\u00e7o e a proibi\u00e7\u00e3o de deixar a comarca sem autoriza\u00e7\u00e3o judicial.<\/p>\n\n\n\n<p>Siga o canal da Jovem Pan News e receba as principais not\u00edcias no seu WhatsApp!<\/p>\n\n\n\n<p><a target=\"_blank\" href=\"https:\/\/www.whatsapp.com\/channel\/0029VaAxUvrGJP8Fz9QZH93S\" rel=\"noreferrer noopener\"><\/a><\/p>\n\n\n\n<p><a target=\"_blank\" href=\"https:\/\/www.whatsapp.com\/channel\/0029VaAxUvrGJP8Fz9QZH93S\" rel=\"noreferrer noopener\">WhatsApp<\/a><\/p>\n\n\n\n<p><a target=\"_blank\" href=\"https:\/\/www.whatsapp.com\/channel\/0029VaAxUvrGJP8Fz9QZH93S\" rel=\"noreferrer noopener\"><\/a><\/p>\n\n\n\n<p>Segundo os investigadores, o golpe teria sido inspirado no filme o \u201cO Lobo de Wall Street\u201d, utilizando falsos investimentos e resultando na alcunha dada ao consultor. O advogado de Omeltech,&nbsp;<strong>Eduardo Maur\u00edcio<\/strong>, considerou a decis\u00e3o uma conquista significativa para seu cliente. \u201cA decis\u00e3o \u00e9 uma vit\u00f3ria importante para o meu cliente. Ap\u00f3s revogar a pris\u00e3o preventiva, a Justi\u00e7a agiu corretamente ao remover a tornozeleira eletr\u00f4nica e aplicar outras medidas menos invasivas\u201d, disse o advogado.<\/p>\n\n\n\n<p><strong>Eduardo Maur\u00edcio<\/strong><\/p>\n\n\n\n<p>Advogado no Brasil, em Portugal, na Hungria e na Espanha. Doutorando em Direito \u2013 Estado de Derecho y Governanza Global (Justi\u00e7a, sistema penal y criminologia), pela Universidad D Salamanca \u2013 Espanha. Mestre em direito \u2013 ci\u00eancias jur\u00eddico criminais, pela Universidade de Coimbra\/Portugal. P\u00f3s-graduado pela Cat\u00f3lica \u2013 Faculdade de Direito \u2013 Escola de Lisboa em Ci\u00eancias Jur\u00eddicas. P\u00f3s-graduado em Direito penal econ\u00f4mico europeu; em Direito das Contraordena\u00e7\u00f5es e; em Direito Penal e Compliance, todas pela Universidade de Coimbra\/Portugal. P\u00f3s-graduado pela PUC-RS em Direito Penal e Criminologia. P\u00f3s-graduando pela EBRADI em Direito Penal e Processo Penal. P\u00f3s-graduado pela CBF (Confedera\u00e7\u00e3o Brasileira de Futebol) Academy Brasil \u2013em forma\u00e7\u00e3o para intermedi\u00e1rios de futebol. Mentor em Habeas Corpus. Presidente da Comiss\u00e3o Estadual de Direito Penal Internacional da Associa\u00e7\u00e3o Brasileira de Advogados Criminalistas (Abracrim).<\/p>\n","protected":false},"excerpt":{"rendered":"<p>Fonte:https:\/\/jovempan.com.br\/noticias\/brasil\/justica-federal-remove-tornozeleira-de-eduardo-omeltech-o-lobo-de-wall-street-brasileiro.html?amp A\u00a0Justi\u00e7a Federal\u00a0determinou a remo\u00e7\u00e3o da tornozeleira eletr\u00f4nica do consultor de investimentos\u00a0Eduardo Omeltech Rodrigues, popularmente conhecido como \u2018Lobo de Wall Street\u2019. Ele foi o principal alvo de uma opera\u00e7\u00e3o da Pol\u00edcia Civil do Distrito Federal, realizada em mar\u00e7o de 2023, que desmantelou um esquema de fraudes financeiras, resultando em perdas estimadas em R$ 16 milh\u00f5es. [&hellip;]<\/p>\n","protected":false},"author":3,"featured_media":4778,"comment_status":"open","ping_status":"open","sticky":false,"template":"","format":"standard","meta":{"_seopress_robots_primary_cat":"","_seopress_titles_title":"","_seopress_titles_desc":"","_seopress_robots_index":"","footnotes":""},"categories":[20],"tags":[168,89,165,38,72,53,62,58,74],"class_list":["post-4777","post","type-post","status-publish","format-standard","has-post-thumbnail","hentry","category-imprensa","tag-advogado24horas","tag-extradicao-2","tag-melhoradvogadoemportugal","tag-advogado-criminalista","tag-direitopenal","tag-eduardomauricio","tag-extradicao","tag-portugal","tag-skyecc"],"_links":{"self":[{"href":"https:\/\/eduardomauricioadvocacia.com\/index.php\/wp-json\/wp\/v2\/posts\/4777","targetHints":{"allow":["GET"]}}],"collection":[{"href":"https:\/\/eduardomauricioadvocacia.com\/index.php\/wp-json\/wp\/v2\/posts"}],"about":[{"href":"https:\/\/eduardomauricioadvocacia.com\/index.php\/wp-json\/wp\/v2\/types\/post"}],"author":[{"embeddable":true,"href":"https:\/\/eduardomauricioadvocacia.com\/index.php\/wp-json\/wp\/v2\/users\/3"}],"replies":[{"embeddable":true,"href":"https:\/\/eduardomauricioadvocacia.com\/index.php\/wp-json\/wp\/v2\/comments?post=4777"}],"version-history":[{"count":1,"href":"https:\/\/eduardomauricioadvocacia.com\/index.php\/wp-json\/wp\/v2\/posts\/4777\/revisions"}],"predecessor-version":[{"id":4779,"href":"https:\/\/eduardomauricioadvocacia.com\/index.php\/wp-json\/wp\/v2\/posts\/4777\/revisions\/4779"}],"wp:featuredmedia":[{"embeddable":true,"href":"https:\/\/eduardomauricioadvocacia.com\/index.php\/wp-json\/wp\/v2\/media\/4778"}],"wp:attachment":[{"href":"https:\/\/eduardomauricioadvocacia.com\/index.php\/wp-json\/wp\/v2\/media?parent=4777"}],"wp:term":[{"taxonomy":"category","embeddable":true,"href":"https:\/\/eduardomauricioadvocacia.com\/index.php\/wp-json\/wp\/v2\/categories?post=4777"},{"taxonomy":"post_tag","embeddable":true,"href":"https:\/\/eduardomauricioadvocacia.com\/index.php\/wp-json\/wp\/v2\/tags?post=4777"}],"curies":[{"name":"wp","href":"https:\/\/api.w.org\/{rel}","templated":true}]}}