{"id":5119,"date":"2024-12-09T17:28:27","date_gmt":"2024-12-09T17:28:27","guid":{"rendered":"https:\/\/eduardomauricioadvocacia.com\/?p=5119"},"modified":"2024-12-09T17:28:27","modified_gmt":"2024-12-09T17:28:27","slug":"brasil-e-portugal-entenda-as-particularidades-do-processo-de-extradicao","status":"publish","type":"post","link":"https:\/\/eduardomauricioadvocacia.com\/index.php\/2024\/12\/09\/brasil-e-portugal-entenda-as-particularidades-do-processo-de-extradicao\/","title":{"rendered":"Brasil e Portugal: entenda as particularidades do processo de extradi\u00e7\u00e3o"},"content":{"rendered":"\n<p><strong>Eduardo Maur\u00edcio*&nbsp;<\/strong><\/p>\n\n\n\n<p>A extradi\u00e7\u00e3o entre Brasil e Portugal \u00e9 um tema complexo, com particularidades que frequentemente geram d\u00favidas. Apesar da rela\u00e7\u00e3o hist\u00f3rica e jur\u00eddica pr\u00f3xima entre os dois pa\u00edses, casos como o de Raul Schmidt, empres\u00e1rio acusado na Opera\u00e7\u00e3o Lava Jato, ilustram os desafios e as nuances desse processo. Ap\u00f3s anos de disputas legais, incluindo a recusa de extradi\u00e7\u00e3o por parte de Portugal e a recente anula\u00e7\u00e3o de atos processuais pelo Ministro Dias Toffoli, o caso trouxe \u00e0 tona quest\u00f5es relevantes sobre os mecanismos que regem a coopera\u00e7\u00e3o internacional.<\/p>\n\n\n\n<p>O Tratado de Extradi\u00e7\u00e3o firmado entre Brasil e Portugal em 2005 estabelece diretrizes claras, mas permite interpreta\u00e7\u00f5es e a\u00e7\u00f5es que podem influenciar diretamente o andamento dos processos. Um dos pontos mais sens\u00edveis \u00e9 o prazo de 60 dias para que o Brasil formalize o pedido de extradi\u00e7\u00e3o ap\u00f3s a deten\u00e7\u00e3o do indiv\u00edduo em Portugal.<\/p>\n\n\n\n<p>Se o prazo n\u00e3o for cumprido, a justi\u00e7a portuguesa pode decidir que o extraditando responda ao processo em liberdade. Foi o que ocorreu no caso de Raul Schmidt, em que a perda do prazo pelo Brasil foi um dos fatores determinantes para que o Supremo Tribunal de Portugal concedesse habeas corpus ao empres\u00e1rio. Al\u00e9m disso, Schmidt possu\u00eda cidadania portuguesa, o que refor\u00e7ou a decis\u00e3o contr\u00e1ria \u00e0 extradi\u00e7\u00e3o.<\/p>\n\n\n\n<p>O Tratado de Extradi\u00e7\u00e3o prev\u00ea, no artigo 3\u00ba, a inadmissibilidade de extradi\u00e7\u00e3o de cidad\u00e3os do pa\u00eds requerido, salvo em condi\u00e7\u00f5es excepcionais. Al\u00e9m disso, outros fatores podem levar \u00e0 recusa de um pedido, como condena\u00e7\u00f5es \u00e0 revelia, em que o direito de ampla defesa tenha sido cerceado; quest\u00f5es humanit\u00e1rias relacionadas \u00e0 idade ou sa\u00fade do indiv\u00edduo; ou a exist\u00eancia de inqu\u00e9rito ou a\u00e7\u00e3o penal em curso no pa\u00eds requerido que abordem os mesmos fatos. O tratado tamb\u00e9m veda a extradi\u00e7\u00e3o em casos de infra\u00e7\u00f5es pun\u00edveis com pena de morte ou pris\u00e3o perp\u00e9tua, bem como situa\u00e7\u00f5es em que haja persegui\u00e7\u00e3o por motivos de ra\u00e7a, sexo, religi\u00e3o ou convic\u00e7\u00f5es pol\u00edticas.<\/p>\n\n\n\n<p>Os processos de extradi\u00e7\u00e3o costumam ser longos e complexos, podendo levar mais de um ano para serem conclu\u00eddos. Durante esse per\u00edodo, surgem desafios tanto no andamento do processo de extradi\u00e7\u00e3o quanto no processo em tr\u00e2mite no pa\u00eds de origem. Um aspecto crucial \u00e9 a an\u00e1lise do motivo da inclus\u00e3o do acusado na lista da INTERPOL, uma vez que irregularidades nesse registro podem justificar a exclus\u00e3o do nome e at\u00e9 mesmo a concess\u00e3o de habeas corpus.<\/p>\n\n\n\n<p>Com tantas nuances, a extradi\u00e7\u00e3o entre Brasil e Portugal exige um conhecimento t\u00e9cnico aprofundado e sensibilidade para lidar com as particularidades legais e culturais de cada pa\u00eds. Esses casos refor\u00e7am n\u00e3o apenas a import\u00e2ncia da coopera\u00e7\u00e3o internacional, mas tamb\u00e9m a necessidade de equil\u00edbrio e respeito aos direitos fundamentais para garantir que a justi\u00e7a seja feita de forma eficaz e justa.<\/p>\n\n\n\n<p><strong>*Eduardo Maur\u00edcio \u00e9 mestre e doutorando em Direito pela Universidade de Salamanca, advogado criminalista especialista em extradi\u00e7\u00e3o, no Brasil, na Espanha, em Portugal e na Hungria.<\/strong><\/p>\n\n\n\n<p>Fonte:<a href=\"https:\/\/www.rotajuridica.com.br\/artigos\/brasil-e-portugal-entenda-as-particularidades-do-processo-de-extradicao\/\">https:\/\/www.rotajuridica.com.br\/artigos\/brasil-e-portugal-entenda-as-particularidades-do-processo-de-extradicao\/<\/a><\/p>\n","protected":false},"excerpt":{"rendered":"<p>Eduardo Maur\u00edcio*&nbsp; A extradi\u00e7\u00e3o entre Brasil e Portugal \u00e9 um tema complexo, com particularidades que frequentemente geram d\u00favidas. Apesar da rela\u00e7\u00e3o hist\u00f3rica e jur\u00eddica pr\u00f3xima entre os dois pa\u00edses, casos como o de Raul Schmidt, empres\u00e1rio acusado na Opera\u00e7\u00e3o Lava Jato, ilustram os desafios e as nuances desse processo. Ap\u00f3s anos de disputas legais, incluindo [&hellip;]<\/p>\n","protected":false},"author":3,"featured_media":5121,"comment_status":"open","ping_status":"open","sticky":false,"template":"","format":"standard","meta":{"_seopress_robots_primary_cat":"","_seopress_titles_title":"","_seopress_titles_desc":"","_seopress_robots_index":"","footnotes":""},"categories":[20],"tags":[168,89,165,72,53,62,58,74],"class_list":["post-5119","post","type-post","status-publish","format-standard","has-post-thumbnail","hentry","category-imprensa","tag-advogado24horas","tag-extradicao-2","tag-melhoradvogadoemportugal","tag-direitopenal","tag-eduardomauricio","tag-extradicao","tag-portugal","tag-skyecc"],"_links":{"self":[{"href":"https:\/\/eduardomauricioadvocacia.com\/index.php\/wp-json\/wp\/v2\/posts\/5119","targetHints":{"allow":["GET"]}}],"collection":[{"href":"https:\/\/eduardomauricioadvocacia.com\/index.php\/wp-json\/wp\/v2\/posts"}],"about":[{"href":"https:\/\/eduardomauricioadvocacia.com\/index.php\/wp-json\/wp\/v2\/types\/post"}],"author":[{"embeddable":true,"href":"https:\/\/eduardomauricioadvocacia.com\/index.php\/wp-json\/wp\/v2\/users\/3"}],"replies":[{"embeddable":true,"href":"https:\/\/eduardomauricioadvocacia.com\/index.php\/wp-json\/wp\/v2\/comments?post=5119"}],"version-history":[{"count":1,"href":"https:\/\/eduardomauricioadvocacia.com\/index.php\/wp-json\/wp\/v2\/posts\/5119\/revisions"}],"predecessor-version":[{"id":5122,"href":"https:\/\/eduardomauricioadvocacia.com\/index.php\/wp-json\/wp\/v2\/posts\/5119\/revisions\/5122"}],"wp:featuredmedia":[{"embeddable":true,"href":"https:\/\/eduardomauricioadvocacia.com\/index.php\/wp-json\/wp\/v2\/media\/5121"}],"wp:attachment":[{"href":"https:\/\/eduardomauricioadvocacia.com\/index.php\/wp-json\/wp\/v2\/media?parent=5119"}],"wp:term":[{"taxonomy":"category","embeddable":true,"href":"https:\/\/eduardomauricioadvocacia.com\/index.php\/wp-json\/wp\/v2\/categories?post=5119"},{"taxonomy":"post_tag","embeddable":true,"href":"https:\/\/eduardomauricioadvocacia.com\/index.php\/wp-json\/wp\/v2\/tags?post=5119"}],"curies":[{"name":"wp","href":"https:\/\/api.w.org\/{rel}","templated":true}]}}