{"id":5172,"date":"2024-12-20T18:14:02","date_gmt":"2024-12-20T18:14:02","guid":{"rendered":"https:\/\/eduardomauricioadvocacia.com\/?p=5172"},"modified":"2024-12-20T18:14:02","modified_gmt":"2024-12-20T18:14:02","slug":"justica-de-dubai-solta-albanes-que-comprava-cocaina-do-brasil","status":"publish","type":"post","link":"https:\/\/eduardomauricioadvocacia.com\/index.php\/2024\/12\/20\/justica-de-dubai-solta-albanes-que-comprava-cocaina-do-brasil\/","title":{"rendered":"Justi\u00e7a de Dubai solta alban\u00eas que comprava coca\u00edna do Brasil"},"content":{"rendered":"\n<h2 class=\"wp-block-heading\">Decis\u00e3o ocorreu depois que Minist\u00e9rio da Justi\u00e7a do Brasil n\u00e3o cumpriu prazo para envio dos documentos do processo de extradi\u00e7\u00e3o<\/h2>\n\n\n\n<p>A Justi\u00e7a de Dubai, nos Emirados \u00c1rabes, mandou soltar o cidad\u00e3o alban\u00eas Armando Pacani, r\u00e9u no Brasil por liderar uma organiza\u00e7\u00e3o criminosa brasileira que enviava coca\u00edna \u00e0 Europa. Pacani, que estava na Difus\u00e3o Vermelha da Organiza\u00e7\u00e3o Internacional de Pol\u00edcia Criminal (Interpol), havia sido preso em julho. Em novembro, entretanto, foi liberado at\u00e9 que o processo de extradi\u00e7\u00e3o seja devidamente enviado pelo Brasil, de acordo com os par\u00e2metros solicitados, como a tradu\u00e7\u00e3o dos documentos para o \u00e1rabe, carimbos e assinaturas.&nbsp;<\/p>\n\n\n\n<p>No primeiro dia de agosto, a Autoridade Central dos Emirados \u00c1rabes Unidos (EAU) devolveu o pedido de extradi\u00e7\u00e3o de Armando Pacani ao Brasil sob o argumento de que o processo deveria estar traduzido para o \u00e1rabe, al\u00e9m de carimbado e assinado por autoridades do Minist\u00e9rio da Justi\u00e7a. O prazo para retorno era de 30 dias. Em 20 de novembro, o Minist\u00e9rio das Rela\u00e7\u00f5es Exteriores dos Emirados \u00c1rabes voltou a cobrar o Brasil. Em 3 de dezembro, o Minist\u00e9rio da Justi\u00e7a encaminhou a documenta\u00e7\u00e3o solicitada. O GLOBO teve acesso ao conte\u00fado de toda essa tratativa.&nbsp;<\/p>\n\n\n\n<p>Pacani foi liberado sob fian\u00e7a \u201cat\u00e9 que o pedido de extradi\u00e7\u00e3o seja recebido por meio de canais diplom\u00e1ticos\u201d do Brasil, diz um trecho do documento do Minist\u00e9rio do Interior dos Emirados \u00c1rabes.&nbsp;<\/p>\n\n\n\n<p>Segundo den\u00fancia do Minist\u00e9rio P\u00fablico Federal,&nbsp;<a href=\"https:\/\/oglobo.globo.com\/mundo\/noticia\/2023\/09\/10\/narcotraficantes-brasileiros-enviam-cocaina-pura-a-europa-pela-africa-para-evitar-fiscalizacao-mais-rigorosa.ghtml\">Pacani era o destinat\u00e1rio de boa parte das 17 toneladas de coca\u00edna pura que um grupo criminoso com base em portos do Sul do pa\u00eds enviou \u00e0 Europa no per\u00edodo de dois anos<\/a>, mercadoria estimada em R$ 3,8 bilh\u00f5es. Conhecido pelos codinomes Alban\u00eas, Forbes e Globe, Pacani \u00e9 acusado dos crimes de tr\u00e1fico de drogas, lavagem de dinheiro e organiza\u00e7\u00e3o criminosa.&nbsp;<\/p>\n\n\n\n<p>De acordo com a investiga\u00e7\u00e3o, o grupo mandou pelo menos 13 remessas de coca\u00edna vinda dos pa\u00edses andinos, a partir dos portos de Rio Grande, no Rio Grande do Sul, e Itaja\u00ed, em Santa Catarina. A droga era escondida em cont\u00eaineres com carga l\u00edcita, sem o conhecimento dos donos das mercadorias, ou partia em embarca\u00e7\u00f5es pesqueiras.&nbsp;<\/p>\n\n\n\n<p>Uma das remessas foi apreendida pela Marinha Francesa perto de Serra Leoa em novembro de 2022. O barco pesqueiro levava 4,6 toneladas de coca\u00edna em cerca de cem malas \u2014 o equivalente a quase R$ 800 milh\u00f5es. A opera\u00e7\u00e3o foi um trabalho conjunto da PF, da Drug Enforcement Administration (DEA), da Ag\u00eancia da Uni\u00e3o Europeia para a Coopera\u00e7\u00e3o Policial (Europol) e de autoridades francesas.&nbsp;<\/p>\n\n\n\n<p>Integrante da m\u00e1fia albanesa, Pacani \u00e9 apontado pelo MPF como respons\u00e1vel por acompanhar &#8220;a log\u00edstica do tr\u00e1fico internacional de drogas, desde o fornecimento nos pa\u00edses andinos, passando pelo armazenamento e trabalhos portu\u00e1rios, transporte mar\u00edtimo, at\u00e9 o recebimento na Europa&#8221;. Ele estava foragido desde a deflagra\u00e7\u00e3o pela Pol\u00edcia Federal da Opera\u00e7\u00e3o Hinterland, em mar\u00e7o do ano passado, quando foi preso em julho.&nbsp;<\/p>\n\n\n\n<p>Para dissimular as grandes cifras movimentadas pelo tr\u00e1fico internacional, a organiza\u00e7\u00e3o criminosa do Sul usou diversas modalidades de oculta\u00e7\u00e3o de capitais. Segundo o MPF, o grupo contava com uma esp\u00e9cie de banco paralelo, sistemas financeiros \u00e0 margem para enviar dinheiro ao exterior para pagamento de fornecedores, e com redes de pessoas jur\u00eddicas de fachada para fazer circular o fluxo financeiro.&nbsp;<\/p>\n\n\n\n<p>Uma megaopera\u00e7\u00e3o policial contra o tr\u00e1fico internacional, coordenada pelas pol\u00edcias de B\u00e9lgica, Fran\u00e7a e Holanda e deflagrada em mar\u00e7o de 2021, acabou por definir tamb\u00e9m o futuro dos narcoempreendedores do Sul do Brasil. A opera\u00e7\u00e3o derrubou a plataforma de comunica\u00e7\u00e3o criptografada Sky ECC, amplamente usada para planejar o com\u00e9rcio global de entorpecentes, e forneceu aos governos de dezenas de pa\u00edses trocas de mensagens valiosas entre criminosos.&nbsp;<\/p>\n\n\n\n<p>Segundo a PF, a Hinterland foi a primeira opera\u00e7\u00e3o do Brasil a se debru\u00e7ar sobre mensagens do SKY ECC para chegar aos autores de crimes. Foi ao acessar as mensagens do Sky ECC que os investigadores chegaram a Pacani, apontado como principal comprador da droga da organiza\u00e7\u00e3o criminosa na Europa. Registros da imigra\u00e7\u00e3o apontam que Pacani entrou no Brasil em janeiro de 2019 e saiu em agosto de 2020, em voo da Emirates de S\u00e3o Paulo para Dubai.&nbsp;<\/p>\n\n\n\n<p>Em nota, o advogado Eduardo Maur\u00edcio, que faz a defesa de Pacani, afirma que o acusado \u00e9 inocente. \u201cIsso est\u00e1 cada vez mais claro em todas as oitivas de testemunhas que j\u00e1 foram celebradas no \u00e2mbito da Opera\u00e7\u00e3o Hinterland. A liberdade concedida a Pacani ocorreu no \u00e2mbito do processo de extradi\u00e7\u00e3o em Dubai, e se trata do cumprimento da lei. Continuaremos a pleitear a sua exclus\u00e3o da Interpol e, sobretudo, a nulidade da prova baseada nas conversas telef\u00f4nicas criptografadas no SKY ECC, que afrontam a cadeia de cust\u00f3dia, preserva\u00e7\u00e3o da prova digital e a lei de intercepta\u00e7\u00e3o telef\u00f4nica&#8221;.&nbsp;<\/p>\n\n\n\n<p>O Minist\u00e9rio da Justi\u00e7a afirma que, &#8220;a fim de preservar a seguran\u00e7a de potenciais opera\u00e7\u00f5es em andamento, a Secretaria Nacional de Justi\u00e7a do Minist\u00e9rio da Justi\u00e7a e Seguran\u00e7a P\u00fablica n\u00e3o se manifesta em rela\u00e7\u00e3o a casos espec\u00edficos, recebidos ou n\u00e3o, os quais correm em sigilo, de acordo com a Lei Geral de Prote\u00e7\u00e3o de Dados&#8221;. O MJ informa ainda que &#8220;os prazos definidos em lei, acordos e tratados relacionados a processos de extradi\u00e7\u00e3o s\u00e3o rigorosamente respeitados&#8221;.<\/p>\n\n\n\n<p>Fonte: <a href=\"https:\/\/oglobo.globo.com\/mundo\/noticia\/2024\/12\/17\/justica-de-dubai-solta-albanes-que-comprava-cocaina-do-brasil.ghtml\">https:\/\/oglobo.globo.com\/mundo\/noticia\/2024\/12\/17\/justica-de-dubai-solta-albanes-que-comprava-cocaina-do-brasil.ghtml<\/a><\/p>\n\n\n\n<p><\/p>\n","protected":false},"excerpt":{"rendered":"<p>Decis\u00e3o ocorreu depois que Minist\u00e9rio da Justi\u00e7a do Brasil n\u00e3o cumpriu prazo para envio dos documentos do processo de extradi\u00e7\u00e3o A Justi\u00e7a de Dubai, nos Emirados \u00c1rabes, mandou soltar o cidad\u00e3o alban\u00eas Armando Pacani, r\u00e9u no Brasil por liderar uma organiza\u00e7\u00e3o criminosa brasileira que enviava coca\u00edna \u00e0 Europa. Pacani, que estava na Difus\u00e3o Vermelha da [&hellip;]<\/p>\n","protected":false},"author":3,"featured_media":4403,"comment_status":"open","ping_status":"open","sticky":false,"template":"","format":"standard","meta":{"_seopress_robots_primary_cat":"","_seopress_titles_title":"","_seopress_titles_desc":"","_seopress_robots_index":"","footnotes":""},"categories":[20],"tags":[168,165,38,79,53,62],"class_list":["post-5172","post","type-post","status-publish","format-standard","has-post-thumbnail","hentry","category-imprensa","tag-advogado24horas","tag-melhoradvogadoemportugal","tag-advogado-criminalista","tag-destaque_hp","tag-eduardomauricio","tag-extradicao"],"_links":{"self":[{"href":"https:\/\/eduardomauricioadvocacia.com\/index.php\/wp-json\/wp\/v2\/posts\/5172","targetHints":{"allow":["GET"]}}],"collection":[{"href":"https:\/\/eduardomauricioadvocacia.com\/index.php\/wp-json\/wp\/v2\/posts"}],"about":[{"href":"https:\/\/eduardomauricioadvocacia.com\/index.php\/wp-json\/wp\/v2\/types\/post"}],"author":[{"embeddable":true,"href":"https:\/\/eduardomauricioadvocacia.com\/index.php\/wp-json\/wp\/v2\/users\/3"}],"replies":[{"embeddable":true,"href":"https:\/\/eduardomauricioadvocacia.com\/index.php\/wp-json\/wp\/v2\/comments?post=5172"}],"version-history":[{"count":1,"href":"https:\/\/eduardomauricioadvocacia.com\/index.php\/wp-json\/wp\/v2\/posts\/5172\/revisions"}],"predecessor-version":[{"id":5173,"href":"https:\/\/eduardomauricioadvocacia.com\/index.php\/wp-json\/wp\/v2\/posts\/5172\/revisions\/5173"}],"wp:featuredmedia":[{"embeddable":true,"href":"https:\/\/eduardomauricioadvocacia.com\/index.php\/wp-json\/wp\/v2\/media\/4403"}],"wp:attachment":[{"href":"https:\/\/eduardomauricioadvocacia.com\/index.php\/wp-json\/wp\/v2\/media?parent=5172"}],"wp:term":[{"taxonomy":"category","embeddable":true,"href":"https:\/\/eduardomauricioadvocacia.com\/index.php\/wp-json\/wp\/v2\/categories?post=5172"},{"taxonomy":"post_tag","embeddable":true,"href":"https:\/\/eduardomauricioadvocacia.com\/index.php\/wp-json\/wp\/v2\/tags?post=5172"}],"curies":[{"name":"wp","href":"https:\/\/api.w.org\/{rel}","templated":true}]}}