{"id":5174,"date":"2024-12-21T16:19:28","date_gmt":"2024-12-21T16:19:28","guid":{"rendered":"https:\/\/eduardomauricioadvocacia.com\/?p=5174"},"modified":"2024-12-21T16:20:31","modified_gmt":"2024-12-21T16:20:31","slug":"delator-do-pcc-revelou-achaque-de-policiais-a-dentista-dos-famosos","status":"publish","type":"post","link":"https:\/\/eduardomauricioadvocacia.com\/index.php\/2024\/12\/21\/delator-do-pcc-revelou-achaque-de-policiais-a-dentista-dos-famosos\/","title":{"rendered":"Delator do PCC revelou achaque de policiais a \u2018dentista dos famosos\u2019"},"content":{"rendered":"\n<p>Meses antes de ser assassinado no aeroporto de Guarulhos, Gritzbach afirmou que agentes ficaram com im\u00f3vel avaliado em 1,5 milh\u00e3o, al\u00e9m de rel\u00f3gios de luxo<\/p>\n\n\n\n<p>Tr\u00eas meses e meio antes de ser&nbsp;<a href=\"https:\/\/veja.abril.com.br\/coluna\/maquiavel\/empresario-que-delatou-o-pcc-e-morto-a-tiros-no-aeroporto-de-guarulhos\"><strong>assassinado a tiros no aeroporto de Guarulhos<\/strong><\/a>, o empres\u00e1rio&nbsp;<strong>Antonio Vin\u00edcius Gritzbach<\/strong>&nbsp;afirmou, em dela\u00e7\u00e3o premiada ao Minist\u00e9rio P\u00fablico de S\u00e3o Paulo, que foi extorquido por policiais a entregar a eles um s\u00edtio no valor de 1,5 milh\u00e3o de reais, al\u00e9m de rel\u00f3gios de alto padr\u00e3o. Segundo ele, os policiais&nbsp;<strong>Fabio Baena<\/strong>,&nbsp;<strong>Eduardo Monteiro<\/strong>,&nbsp;<strong>Rog\u00e9rio de Almeida Fel\u00edcio<\/strong>&nbsp;e uma quarta pessoa identificada apenas pelo nome de \u201cFlavinho\u201d atuaram de forma ilegal para se apropriarem do im\u00f3vel, transferindo a propriedade para um laranja.&nbsp;<a href=\"https:\/\/veja.abril.com.br\/coluna\/maquiavel\/pf-prende-delegado-e-mais-3-policiais-civis-de-sp-suspeitos-de-elo-com-pcc\"><strong>Os tr\u00eas primeiros foram presos na ter\u00e7a-feira, 17,<\/strong><\/a>&nbsp;acusados de liga\u00e7\u00e3o com a organiza\u00e7\u00e3o criminosa Primeiro Comando da Capital (PCC).<\/p>\n\n\n\n<p>Gritzbach relatou vinha sendo achacado por policiais desde sua pris\u00e3o, em fevereiro de 2022, por suspeitas no envolvimento no assassinato de dois integrantes do PCC. Na ocasi\u00e3o, tamb\u00e9m foram apreendidos 14 rel\u00f3gios de alto valor, joias, telefones celulares, computadores e alguns cheques, al\u00e9m de 20 mil reais em dinheiro.&nbsp; Segundo ele, os policiais teriam ficado com os rel\u00f3gios, informando-lhe que parte deles havia sido roubada.<\/p>\n\n\n\n<p>O delator afirma acreditar que os policiais descobriram a exist\u00eancia de um s\u00edtio em Biritiba Mirim, na Regi\u00e3o Metropolitana de S\u00e3o Paulo, quando analisaram documentos apreendidos em sua casa, ou por meio de algum informante. Segundo ele, em sua casa havia uma escritura do im\u00f3vel em nome da Viotto Odontologia Ltda, de propriedade do dentista, conhecido como o \u201cdentista dos famosos\u201d.<\/p>\n\n\n\n<p>Questionado pelos promotores por que o s\u00edtio que ele alegava ser seu estava em nome de outra pessoa, Gritzbach afirmou que tinha adquirido o im\u00f3vel h\u00e1 pouco e n\u00e3o havia tido tempo h\u00e1bil para a lavrar a escritura, mas tinha em seu poder um contrato de compra e venda assinado.<\/p>\n\n\n\n<p>Gritzbach relatou que os policiais amea\u00e7aram o vendedor do s\u00edtio, a n\u00e3o transferir a propriedade do im\u00f3vel para ele, sob amea\u00e7a de inclu\u00ed-lo no inqu\u00e9rito que investigava o crime de lavagem de dinheiro do PCC. Ainda segundo o delator, ap\u00f3s a amea\u00e7a a propriedade do im\u00f3vel foi transferida para o nome de uma pessoa indicada pelos policiais.<\/p>\n\n\n\n<p>Em nota, a defesa afirmou que ele \u00e9 terceiro de boa-f\u00e9, que nunca praticou crime e que seu nome foi utilizado indevidamente. O texto, assinado pelo escrit\u00f3rio Eduardo Maur\u00edcio Advocacia, diz que o s\u00edtio foi colocado na imobili\u00e1ria de Gritzbach \u201cpara futura comercializa\u00e7\u00e3o para venda do s\u00edtio, que nunca ocorreu pelo referido corretor, tudo isso em data muito anterior a sua pris\u00e3o e conhecimento p\u00fablico dos crimes que o corretor de im\u00f3veis estaria envolvido (todos crimes sem nenhuma conex\u00e3o e com total desconhecimento por parte de Roberto Viotto).\u201d Na nota, Viotto se coloca \u00e0 disposi\u00e7\u00e3o das autoridades para prestar qualquer esclarecimento.<\/p>\n\n\n\n<p>Gritzbach foi assassinado a tiros de fuzil quando desembarcava no aeroporto de Guarulhos.&nbsp;Al\u00e9m de policiais, o empres\u00e1rio vinha delatando esquema de lavagem de dinheiro do PCC.<\/p>\n\n\n\n<p>Fonte: https:\/\/veja.abril.com.br\/coluna\/maquiavel\/delator-do-pcc-revelou-achaque-de-policiais-a-dentista-dos-famosos\/<\/p>\n","protected":false},"excerpt":{"rendered":"<p>Meses antes de ser assassinado no aeroporto de Guarulhos, Gritzbach afirmou que agentes ficaram com im\u00f3vel avaliado em 1,5 milh\u00e3o, al\u00e9m de rel\u00f3gios de luxo Tr\u00eas meses e meio antes de ser&nbsp;assassinado a tiros no aeroporto de Guarulhos, o empres\u00e1rio&nbsp;Antonio Vin\u00edcius Gritzbach&nbsp;afirmou, em dela\u00e7\u00e3o premiada ao Minist\u00e9rio P\u00fablico de S\u00e3o Paulo, que foi extorquido por [&hellip;]<\/p>\n","protected":false},"author":3,"featured_media":5175,"comment_status":"open","ping_status":"open","sticky":false,"template":"","format":"standard","meta":{"_seopress_robots_primary_cat":"","_seopress_titles_title":"","_seopress_titles_desc":"","_seopress_robots_index":"","footnotes":""},"categories":[20],"tags":[168,111,89,165,38,79,53],"class_list":["post-5174","post","type-post","status-publish","format-standard","has-post-thumbnail","hentry","category-imprensa","tag-advogado24horas","tag-advogadobrasileiroemportugal","tag-extradicao-2","tag-melhoradvogadoemportugal","tag-advogado-criminalista","tag-destaque_hp","tag-eduardomauricio"],"_links":{"self":[{"href":"https:\/\/eduardomauricioadvocacia.com\/index.php\/wp-json\/wp\/v2\/posts\/5174","targetHints":{"allow":["GET"]}}],"collection":[{"href":"https:\/\/eduardomauricioadvocacia.com\/index.php\/wp-json\/wp\/v2\/posts"}],"about":[{"href":"https:\/\/eduardomauricioadvocacia.com\/index.php\/wp-json\/wp\/v2\/types\/post"}],"author":[{"embeddable":true,"href":"https:\/\/eduardomauricioadvocacia.com\/index.php\/wp-json\/wp\/v2\/users\/3"}],"replies":[{"embeddable":true,"href":"https:\/\/eduardomauricioadvocacia.com\/index.php\/wp-json\/wp\/v2\/comments?post=5174"}],"version-history":[{"count":2,"href":"https:\/\/eduardomauricioadvocacia.com\/index.php\/wp-json\/wp\/v2\/posts\/5174\/revisions"}],"predecessor-version":[{"id":5177,"href":"https:\/\/eduardomauricioadvocacia.com\/index.php\/wp-json\/wp\/v2\/posts\/5174\/revisions\/5177"}],"wp:featuredmedia":[{"embeddable":true,"href":"https:\/\/eduardomauricioadvocacia.com\/index.php\/wp-json\/wp\/v2\/media\/5175"}],"wp:attachment":[{"href":"https:\/\/eduardomauricioadvocacia.com\/index.php\/wp-json\/wp\/v2\/media?parent=5174"}],"wp:term":[{"taxonomy":"category","embeddable":true,"href":"https:\/\/eduardomauricioadvocacia.com\/index.php\/wp-json\/wp\/v2\/categories?post=5174"},{"taxonomy":"post_tag","embeddable":true,"href":"https:\/\/eduardomauricioadvocacia.com\/index.php\/wp-json\/wp\/v2\/tags?post=5174"}],"curies":[{"name":"wp","href":"https:\/\/api.w.org\/{rel}","templated":true}]}}