{"id":5199,"date":"2025-01-15T11:57:45","date_gmt":"2025-01-15T11:57:45","guid":{"rendered":"https:\/\/eduardomauricioadvocacia.com\/?p=5199"},"modified":"2025-01-15T11:57:45","modified_gmt":"2025-01-15T11:57:45","slug":"hc-contra-ato-de-ministro-de-estado-e-de-competencia-do-stj-decide-toffoli","status":"publish","type":"post","link":"https:\/\/eduardomauricioadvocacia.com\/index.php\/2025\/01\/15\/hc-contra-ato-de-ministro-de-estado-e-de-competencia-do-stj-decide-toffoli\/","title":{"rendered":"HC contra ato de ministro de Estado \u00e9 de compet\u00eancia do STJ, decide Toffoli"},"content":{"rendered":"\n<p>O Supremo Tribunal Federal n\u00e3o tem legitimidade para processar e julgar Habeas Corpus impetrado contra ato de ministro de Estado, em especial quando o autor n\u00e3o tem prerrogativa de fun\u00e7\u00e3o.<\/p>\n\n\n\n<p>O entendimento \u00e9 do ministro Dias Toffoli, do STF, que rejeitou pedido de um brasileiro preso na Espanha por tr\u00e1fico internacional de drogas.<\/p>\n\n\n\n<p>No caso concreto, a 7\u00aa Vara Federal Criminal de Mato Grosso decretou a pris\u00e3o preventiva e pediu a extradi\u00e7\u00e3o do acusado. O ministro da Justi\u00e7a, Ricardo Lewandowski, admitiu o procedimento administrativo de extradi\u00e7\u00e3o pelo Estado brasileiro.<\/p>\n\n\n\n<p>O autor da a\u00e7\u00e3o questionou a admissibilidade do processo de extradi\u00e7\u00e3o. Para Toffoli, no entanto, HCs contra atos de ministro de Estado n\u00e3o s\u00e3o de compet\u00eancia do Supremo, mas do Superior Tribunal de Justi\u00e7a.<\/p>\n\n\n\n<p>\u201cO caso escapa \u00e0 compet\u00eancia origin\u00e1ria do Supremo Tribunal Federal, que n\u00e3o det\u00e9m legitimidade para processar e julgar habeas corpus impetrado contra ato de Ministro de Estado, n\u00e3o tendo o paciente, ademais, foro por prerrogativa de fun\u00e7\u00e3o nesta Corte para efeito de a\u00e7\u00f5es penais por crimes comuns ou de responsabilidade\u201d, afirmou.<\/p>\n\n\n\n<p>\u201cCom efeito\u201d, prosseguiu o ministro, \u201cpertence ao Superior Tribunal de Justi\u00e7a a compet\u00eancia para processar e julgar esta impetra\u00e7\u00e3o, por for\u00e7a do<a href=\"https:\/\/www.jusbrasil.com.br\/topicos\/10685149\/alinea-c-do-inciso-i-do-artigo-105-da-constituicao-federal-de-1988\" target=\"_blank\" rel=\"noreferrer noopener\">&nbsp;art. 105, I, al\u00ednea c<\/a>, da Constitui\u00e7\u00e3o Federal\u201d.<\/p>\n\n\n\n<p>Atuou no caso defendendo o autor do HC preventivo o escrit\u00f3rio&nbsp;<strong>Eduardo Maur\u00edcio Advocacia<\/strong>. A defesa afirmou que h\u00e1 erros no procedimento de extradi\u00e7\u00e3o, especialmente \u201cem rela\u00e7\u00e3o \u00e0 tipifica\u00e7\u00e3o dos crimes e \u00e0 identifica\u00e7\u00e3o do extraditando\u201d. E tamb\u00e9m questionou a pris\u00e3o e extradi\u00e7\u00e3o para que o acusado respondesse a um processo criminal que ainda n\u00e3o transitou em julgado.<\/p>\n\n\n\n<p>Fonte: <a href=\"https:\/\/www.conjur.com.br\/2025-jan-03\/hc-contra-ato-de-ministro-de-estado-e-de-competencia-do-stj-decide-toffoli\/\">https:\/\/www.conjur.com.br\/2025-jan-03\/hc-contra-ato-de-ministro-de-estado-e-de-competencia-do-stj-decide-toffoli\/<\/a><\/p>\n\n\n\n<p><\/p>\n","protected":false},"excerpt":{"rendered":"<p>O Supremo Tribunal Federal n\u00e3o tem legitimidade para processar e julgar Habeas Corpus impetrado contra ato de ministro de Estado, em especial quando o autor n\u00e3o tem prerrogativa de fun\u00e7\u00e3o. O entendimento \u00e9 do ministro Dias Toffoli, do STF, que rejeitou pedido de um brasileiro preso na Espanha por tr\u00e1fico internacional de drogas. No caso [&hellip;]<\/p>\n","protected":false},"author":3,"featured_media":4287,"comment_status":"open","ping_status":"open","sticky":false,"template":"","format":"standard","meta":{"_seopress_robots_primary_cat":"","_seopress_titles_title":"","_seopress_titles_desc":"","_seopress_robots_index":"","footnotes":""},"categories":[20],"tags":[79],"class_list":["post-5199","post","type-post","status-publish","format-standard","has-post-thumbnail","hentry","category-imprensa","tag-destaque_hp"],"_links":{"self":[{"href":"https:\/\/eduardomauricioadvocacia.com\/index.php\/wp-json\/wp\/v2\/posts\/5199","targetHints":{"allow":["GET"]}}],"collection":[{"href":"https:\/\/eduardomauricioadvocacia.com\/index.php\/wp-json\/wp\/v2\/posts"}],"about":[{"href":"https:\/\/eduardomauricioadvocacia.com\/index.php\/wp-json\/wp\/v2\/types\/post"}],"author":[{"embeddable":true,"href":"https:\/\/eduardomauricioadvocacia.com\/index.php\/wp-json\/wp\/v2\/users\/3"}],"replies":[{"embeddable":true,"href":"https:\/\/eduardomauricioadvocacia.com\/index.php\/wp-json\/wp\/v2\/comments?post=5199"}],"version-history":[{"count":1,"href":"https:\/\/eduardomauricioadvocacia.com\/index.php\/wp-json\/wp\/v2\/posts\/5199\/revisions"}],"predecessor-version":[{"id":5200,"href":"https:\/\/eduardomauricioadvocacia.com\/index.php\/wp-json\/wp\/v2\/posts\/5199\/revisions\/5200"}],"wp:featuredmedia":[{"embeddable":true,"href":"https:\/\/eduardomauricioadvocacia.com\/index.php\/wp-json\/wp\/v2\/media\/4287"}],"wp:attachment":[{"href":"https:\/\/eduardomauricioadvocacia.com\/index.php\/wp-json\/wp\/v2\/media?parent=5199"}],"wp:term":[{"taxonomy":"category","embeddable":true,"href":"https:\/\/eduardomauricioadvocacia.com\/index.php\/wp-json\/wp\/v2\/categories?post=5199"},{"taxonomy":"post_tag","embeddable":true,"href":"https:\/\/eduardomauricioadvocacia.com\/index.php\/wp-json\/wp\/v2\/tags?post=5199"}],"curies":[{"name":"wp","href":"https:\/\/api.w.org\/{rel}","templated":true}]}}