{"id":5596,"date":"2025-05-23T18:38:53","date_gmt":"2025-05-23T18:38:53","guid":{"rendered":"https:\/\/eduardomauricioadvocacia.com\/?p=5596"},"modified":"2025-05-23T18:39:10","modified_gmt":"2025-05-23T18:39:10","slug":"thinkinternational-conference","status":"publish","type":"post","link":"https:\/\/eduardomauricioadvocacia.com\/index.php\/2025\/05\/23\/thinkinternational-conference\/","title":{"rendered":"Think+International Conference"},"content":{"rendered":"\n<h1 class=\"wp-block-heading\">ISAL organiza 5\u00aa edi\u00e7\u00e3o do \u201cThink+International Conference\u201d<\/h1>\n\n\n\n<figure class=\"wp-block-image\"><a href=\"https:\/\/i0.wp.com\/funchalnoticias.net\/wp-content\/uploads\/2025\/05\/isal.jpg?ssl=1\"><img decoding=\"async\" src=\"https:\/\/i0.wp.com\/funchalnoticias.net\/wp-content\/uploads\/2025\/05\/isal.jpg?resize=567%2C298&amp;ssl=1\" alt=\"\"\/><\/a><\/figure>\n\n\n\n<p>O Instituto Superior de Administra\u00e7\u00e3o e L\u00ednguas (ISAL) organiza a 5\u00aa edi\u00e7\u00e3o da THINK+ International Conference, uma confer\u00eancia interdisciplinar, este ano subordinada aos temas da \u201cImigra\u00e7\u00e3o, Intelig\u00eancia, Impacto, Interven\u00e7\u00e3o e Inova\u00e7\u00e3o\u201d. O evento acontece amanh\u00e3, quinta-feira, dia 22 de Maio, no audit\u00f3rio do ISAL, merecendo transmiss\u00e3o online a partir da plataforma Zoom. A confer\u00eancia THINK+ \u00e9 uma iniciativa organizada pelo ISAL, em parceria com o Instituto Ibero-Americano de Compliance (Brasil), que conta com a parceria do grupo editorial Ponte Editora, do Centro de Forma\u00e7\u00e3o Albifor e do Goes Atelier.<\/p>\n\n\n\n<p>O evento, especialmente dirigido \u00e0 comunidade cient\u00edfica e ao tecido empresarial da Regi\u00e3o Aut\u00f3noma da Madeira, tem por objectivo promover a investiga\u00e7\u00e3o cient\u00edfica nas \u00e1reas do Turismo e da Gest\u00e3o. Entre os \u201cKeynote Speakers\u201d da presente edi\u00e7\u00e3o, destacam-se os seguintes professores universit\u00e1rios e investigadores: Magnus Luiz Emmendoerfer&nbsp;(Chair da C\u00e1tedra da UNESCO de Economia Criativa e Pol\u00edticas P\u00fablicas, Brasil);&nbsp;Fabrizio Bon Vecchio&nbsp;(Presidente do Instituto Ibero-Americano de Compliance, Brasil);&nbsp;C\u00e1ssio de Assis&nbsp;(Vice-Presidente do Instituto Ibero-Americano de Compliance, Brasil);&nbsp;Eduardo Maur\u00edcio&nbsp;(Universidade de Coimbra, Portugal);&nbsp;Jos\u00e9 Manuel Vicente&nbsp;(Professor Auxiliar, Universidade Lus\u00f3fona, Portugal);&nbsp;Ant\u00f3nio Manuel Martins de Almeida&nbsp;(Professor Associado com Agrega\u00e7\u00e3o, Universidade da Madeira, Portugal).<\/p>\n\n\n\n<p>O programa da confer\u00eancia, com in\u00edcio \u00e0s 19h00, contempla as seguintes palestras: Magnus Luiz Emmendoerfer \u2013&nbsp;\u201cIlhas no contexto do Desenvolvimento pela Criatividade: Li\u00e7\u00f5es e Prospetivas de Programas da UNESCO\u201d; Fabrizio Bon Vecchio \u2013&nbsp;\u201cCompliance e a utiliza\u00e7\u00e3o das novas tecnologias como novas ferramentas de implementa\u00e7\u00e3o e controle\u201d;&nbsp;C\u00e1ssio de Assis \u2013 \u201cIntelig\u00eancia Artificial e An\u00e1lise Probat\u00f3ria no Processo Penal\u201d; Eduardo Maur\u00edcio \u2013 \u201cCoopera\u00e7\u00e3o jur\u00eddica internacional\u201d; Jos\u00e9 Manuel Vicente \u2013&nbsp;\u201cIs Madeira a Smart and an Eco-Touristic Brand Destination? Challenges for Development: Better Sustainability Policies\u201d;&nbsp;Ant\u00f3nio Martins de Almeida \u2013 \u201cA perce\u00e7\u00e3o do risco no p\u00f3s-covid e a procura tur\u00edstica nas fronteiras da Europa\u201d.&nbsp;A modera\u00e7\u00e3o est\u00e1 a cargo do docente Pedro Nunes.<\/p>\n\n\n\n<p>O evento pretende fomentar o di\u00e1logo, a partilha e a divulga\u00e7\u00e3o de conhecimento cient\u00edfico e de pr\u00e1ticas inovadoras nestas \u00e1reas, numa abordagem abrangente e multidisciplinar, acompanhando o Plano Estrat\u00e9gico do Centro de Investiga\u00e7\u00e3o Cient\u00edfica do ISAL (CI-ISAL). A presente edi\u00e7\u00e3o tem a direc\u00e7\u00e3o de Sancha de Campanella e Fabrizio Bon Vecchio, Vice Diretora Geral do ISAL e Presidente do Instituto Ibero-Americano de Compliance, respectivamente. A organiza\u00e7\u00e3o est\u00e1 a cargo dos docentes, Magnus Emmendoerfer, Eduardo Alves e Pedro Nunes \u2013 chairs do evento \u2013 e Luz Silva, Nelson Abreu, Andreia Carvalho e Diogo Goes \u2013 co-chairs.<\/p>\n\n\n\n<p>Sancha de Campanella, Vice Diretora Geral do ISAL, em declara\u00e7\u00f5es \u00e0 imprensa, refere que&nbsp;\u00abeste evento \u00e9 demonstrativo do esfor\u00e7o de consolida\u00e7\u00e3o das parcerias internacionais, que t\u00eam vindo a ser desenvolvidas pelo ISAL desde h\u00e1 v\u00e1rios anos\u00bb.&nbsp;\u00abAcreditamos que a THINK Conference \u00e9 sinal da pol\u00edtica de responsabilidade social do ISAL, de atua\u00e7\u00e3o na comunidade onde se insere, na promo\u00e7\u00e3o e divulga\u00e7\u00e3o do conhecimento cient\u00edfico, vindo contribuir, em particular, para o desenvolvimento social e humano da Regi\u00e3o Aut\u00f3noma da Madeira\u00bb, conclui.<\/p>\n\n\n\n<p>O programa do evento contempla ainda sess\u00f5es paralelas, sob modera\u00e7\u00e3o dos docentes e investigadores Eduardo Alves e Luz Silva, reunindo cerca de uma dezena de investigadores que ir\u00e3o apresentar e debater diversas investiga\u00e7\u00f5es, versando as v\u00e1rias \u00e1reas do evento.<\/p>\n\n\n\n<figure class=\"wp-block-image size-large\"><img fetchpriority=\"high\" decoding=\"async\" width=\"788\" height=\"1024\" src=\"https:\/\/eduardomauricioadvocacia.com\/wp-content\/uploads\/2025\/05\/WhatsApp-Image-2025-05-23-at-19.17.50-2-788x1024.jpeg\" alt=\"Eduardo Mauricio Think+International Conference\" class=\"wp-image-5597\" srcset=\"https:\/\/eduardomauricioadvocacia.com\/wp-content\/uploads\/2025\/05\/WhatsApp-Image-2025-05-23-at-19.17.50-2-788x1024.jpeg 788w, https:\/\/eduardomauricioadvocacia.com\/wp-content\/uploads\/2025\/05\/WhatsApp-Image-2025-05-23-at-19.17.50-2-231x300.jpeg 231w, https:\/\/eduardomauricioadvocacia.com\/wp-content\/uploads\/2025\/05\/WhatsApp-Image-2025-05-23-at-19.17.50-2-768x999.jpeg 768w, https:\/\/eduardomauricioadvocacia.com\/wp-content\/uploads\/2025\/05\/WhatsApp-Image-2025-05-23-at-19.17.50-2-1181x1536.jpeg 1181w, https:\/\/eduardomauricioadvocacia.com\/wp-content\/uploads\/2025\/05\/WhatsApp-Image-2025-05-23-at-19.17.50-2.jpeg 1575w\" sizes=\"(max-width: 788px) 100vw, 788px\" \/><figcaption class=\"wp-element-caption\">Eduardo Mauricio Think+International Conference<\/figcaption><\/figure>\n\n\n\n<p>Fonte: <a href=\"https:\/\/funchalnoticias.net\/2025\/05\/21\/isal-organiza-5a-edicao-do-thinkinternational-conference\/\">https:\/\/funchalnoticias.net\/2025\/05\/21\/isal-organiza-5a-edicao-do-thinkinternational-conference\/<\/a><\/p>\n\n\n\n<p><\/p>\n","protected":false},"excerpt":{"rendered":"<p>ISAL organiza 5\u00aa edi\u00e7\u00e3o do \u201cThink+International Conference\u201d O Instituto Superior de Administra\u00e7\u00e3o e L\u00ednguas (ISAL) organiza a 5\u00aa edi\u00e7\u00e3o da THINK+ International Conference, uma confer\u00eancia interdisciplinar, este ano subordinada aos temas da \u201cImigra\u00e7\u00e3o, Intelig\u00eancia, Impacto, Interven\u00e7\u00e3o e Inova\u00e7\u00e3o\u201d. O evento acontece amanh\u00e3, quinta-feira, dia 22 de Maio, no audit\u00f3rio do ISAL, merecendo transmiss\u00e3o online a [&hellip;]<\/p>\n","protected":false},"author":3,"featured_media":5598,"comment_status":"open","ping_status":"open","sticky":false,"template":"","format":"standard","meta":{"_seopress_robots_primary_cat":"","_seopress_titles_title":"","_seopress_titles_desc":"","_seopress_robots_index":"","footnotes":""},"categories":[30],"tags":[168,111,89,165,38,72,53,62,58,74],"class_list":["post-5596","post","type-post","status-publish","format-standard","has-post-thumbnail","hentry","category-eventos","tag-advogado24horas","tag-advogadobrasileiroemportugal","tag-extradicao-2","tag-melhoradvogadoemportugal","tag-advogado-criminalista","tag-direitopenal","tag-eduardomauricio","tag-extradicao","tag-portugal","tag-skyecc"],"_links":{"self":[{"href":"https:\/\/eduardomauricioadvocacia.com\/index.php\/wp-json\/wp\/v2\/posts\/5596","targetHints":{"allow":["GET"]}}],"collection":[{"href":"https:\/\/eduardomauricioadvocacia.com\/index.php\/wp-json\/wp\/v2\/posts"}],"about":[{"href":"https:\/\/eduardomauricioadvocacia.com\/index.php\/wp-json\/wp\/v2\/types\/post"}],"author":[{"embeddable":true,"href":"https:\/\/eduardomauricioadvocacia.com\/index.php\/wp-json\/wp\/v2\/users\/3"}],"replies":[{"embeddable":true,"href":"https:\/\/eduardomauricioadvocacia.com\/index.php\/wp-json\/wp\/v2\/comments?post=5596"}],"version-history":[{"count":1,"href":"https:\/\/eduardomauricioadvocacia.com\/index.php\/wp-json\/wp\/v2\/posts\/5596\/revisions"}],"predecessor-version":[{"id":5599,"href":"https:\/\/eduardomauricioadvocacia.com\/index.php\/wp-json\/wp\/v2\/posts\/5596\/revisions\/5599"}],"wp:featuredmedia":[{"embeddable":true,"href":"https:\/\/eduardomauricioadvocacia.com\/index.php\/wp-json\/wp\/v2\/media\/5598"}],"wp:attachment":[{"href":"https:\/\/eduardomauricioadvocacia.com\/index.php\/wp-json\/wp\/v2\/media?parent=5596"}],"wp:term":[{"taxonomy":"category","embeddable":true,"href":"https:\/\/eduardomauricioadvocacia.com\/index.php\/wp-json\/wp\/v2\/categories?post=5596"},{"taxonomy":"post_tag","embeddable":true,"href":"https:\/\/eduardomauricioadvocacia.com\/index.php\/wp-json\/wp\/v2\/tags?post=5596"}],"curies":[{"name":"wp","href":"https:\/\/api.w.org\/{rel}","templated":true}]}}