{"id":5600,"date":"2025-05-23T18:42:08","date_gmt":"2025-05-23T18:42:08","guid":{"rendered":"https:\/\/eduardomauricioadvocacia.com\/?p=5600"},"modified":"2025-05-23T18:43:03","modified_gmt":"2025-05-23T18:43:03","slug":"isal-debate-imigracao-ia-e-inovacao-no-turismo","status":"publish","type":"post","link":"https:\/\/eduardomauricioadvocacia.com\/index.php\/2025\/05\/23\/isal-debate-imigracao-ia-e-inovacao-no-turismo\/","title":{"rendered":"ISAL debate imigra\u00e7\u00e3o, IA e inova\u00e7\u00e3o no turismo"},"content":{"rendered":"\n<h2 class=\"wp-block-heading\">&#8216;THINK+ International Conference\u2019 acontece esta quinta-feira<\/h2>\n\n\n\n<p><a href=\"https:\/\/www.dnoticias.pt\/autor\/706\/\">Andreia Correia&nbsp;<\/a><a href=\"https:\/\/www.dnoticias.pt\/archive\/2025\/5\/21\/\">&nbsp;21 mai 2025&nbsp;18:25<\/a><\/p>\n\n\n\n<p>O Instituto Superior de Administra\u00e7\u00e3o e L\u00ednguas (ISAL) organiza a 5.\u00aa edi\u00e7\u00e3o da THINK+ Internacional Conference, uma confer\u00eancia interdisciplinar subordinada aos temas da &#8216;Imigra\u00e7\u00e3o, Intelig\u00eancia, Impacto, Interven\u00e7\u00e3o e Inova\u00e7\u00e3o&#8217;.<\/p>\n\n\n\n<p>O evento acontece amanh\u00e3, dia 22 de Maio, no audit\u00f3rio do ISAL, sendo poss\u00edvel acompanhar atrav\u00e9s da transmiss\u00e3o on-line a partir da plataforma Zoom. A confer\u00eancia THINK+ \u00e9 uma iniciativa organizada pelo ISAL, em parceria com o Instituto Ibero-Americano de Compliance (Brasil), que conta com a parceria do grupo editorial Ponte Editora, do Centro de Forma\u00e7\u00e3o Albifor e do Goes Atelier.<a href=\"https:\/\/ad.dnoticias.pt\/abmc.aspx?b=1110&amp;z=160\" target=\"_blank\" rel=\"noreferrer noopener\"><\/a><\/p>\n\n\n\n<p>O evento, especialmente dirigido \u00e0 comunidade cient\u00edfica e ao tecido empresarial da Regi\u00e3o Aut\u00f3noma da Madeira, tem por objectivo promover a investiga\u00e7\u00e3o cient\u00edfica nas \u00e1reas do Turismo e da Gest\u00e3o. Entre os &#8216;Keynote Speakers&#8217; da presente edi\u00e7\u00e3o, destacam-se os seguintes professores universit\u00e1rios e investigadores: Magnus Luiz Emmendoerfer (Chair da C\u00e1tedra da UNESCO de Economia Criativa e Pol\u00edticas P\u00fablicas, Brasil); Fabrizio Bon Vecchio (Presidente do Instituto Ibero-Americano de Compliance, Brasil); C\u00e1ssio de Assis (Vice-Presidente do Instituto Ibero-Americano de Compliance, Brasil); Eduardo Maur\u00edcio (Universidade de Coimbra, Portugal); Jos\u00e9 Manuel Vicente (Professor Auxiliar, Universidade Lus\u00f3fona, Portugal); Ant\u00f3nio Manuel Martins de Almeida (Professor Associado com Agrega\u00e7\u00e3o, Universidade da Madeira, Portugal).&nbsp;<\/p>\n\n\n\n<p>O programa da confer\u00eancia, com in\u00edcio \u00e0s 19 horas, contempla as seguintes palestras: Magnus Luiz Emmendoerfer \u2013 \u201cIlhas no contexto do Desenvolvimento pela Criatividade: Li\u00e7\u00f5es e Prospetivas de Programas da UNESCO\u201d; Fabrizio Bon Vecchio \u2013 \u201cCompliance e a utiliza\u00e7\u00e3o das novas tecnologias como novas ferramentas de implementa\u00e7\u00e3o e controle\u201d; C\u00e1ssio de Assis \u2013 \u201cIntelig\u00eancia Artificial e An\u00e1lise Probat\u00f3ria no Processo Penal\u201d; Eduardo Maur\u00edcio \u2013 \u201cCoopera\u00e7\u00e3o jur\u00eddica internacional\u201d; Jos\u00e9 Manuel Vicente \u2013 \u201cIs Madeira a Smart and an Eco-Touristic Brand Destination? Challenges for Development: Better Sustainability Policies\u201d; Ant\u00f3nio Martins de Almeida \u2013 \u201cA perce\u00e7\u00e3o do risco no p\u00f3s-covid e a procura tur\u00edstica nas fronteiras da Europa\u201d. A modera\u00e7\u00e3o est\u00e1 a cargo do docente Pedro Nunes.&nbsp;<\/p>\n\n\n\n<p>O evento pretende fomentar o di\u00e1logo, a partilha e a divulga\u00e7\u00e3o de conhecimento cient\u00edfico e de pr\u00e1ticas inovadoras nestas \u00e1reas, numa abordagem abrangente e multidisciplinar, acompanhando o Plano Estrat\u00e9gico do Centro de Investiga\u00e7\u00e3o Cient\u00edfica do ISAL (CI-ISAL). A presente edi\u00e7\u00e3o tem a direc\u00e7\u00e3o de Sancha de Campanella e Fabrizio Bon Vecchio, Vice Diretora Geral do ISAL e Presidente do Instituto Ibero-Americano de Compliance, respetivamente. A organiza\u00e7\u00e3o est\u00e1 a cargo dos docentes, Magnus Emmendoerfer, Eduardo Alves e Pedro Nunes \u2013 chairs do evento \u2013 e Luz Silva, Nelson Abreu, Andreia Carvalho e Diogo Goes \u2013 co-chairs.<\/p>\n\n\n\n<p>Sancha de Campanella, vice-directora Geral do ISAL, em declara\u00e7\u00f5es \u00e0 imprensa, refere que &#8220;este evento \u00e9 demonstrativo do esfor\u00e7o de consolida\u00e7\u00e3o das parcerias internacionais, que t\u00eam vindo a ser desenvolvidas pelo ISAL desde h\u00e1 v\u00e1rios anos&#8221;. &#8220;Acreditamos que a THINK Conference \u00e9 sinal da pol\u00edtica de responsabilidade social do ISAL, de atua\u00e7\u00e3o na comunidade onde se insere, na promo\u00e7\u00e3o e divulga\u00e7\u00e3o do conhecimento cient\u00edfico, vindo contribuir, em particular, para o desenvolvimento social e humano da Regi\u00e3o Aut\u00f3noma da Madeira&#8221;, concluiu.&nbsp;<\/p>\n\n\n\n<p>O programa do evento contempla ainda sess\u00f5es paralelas, sob modera\u00e7\u00e3o dos docentes e investigadores Eduardo Alves e Luz Silva, reunindo cerca de uma dezena de investigadores que ir\u00e3o apresentar e debater diversas investiga\u00e7\u00f5es, versando as v\u00e1rias \u00e1reas do evento.<\/p>\n\n\n\n<p>Fonte: <a href=\"https:\/\/www.dnoticias.pt\/2025\/5\/21\/449837-isal-debate-imigracao-ia-e-inovacao-no-turismo?fbclid=IwY2xjawKdm-hleHRuA2FlbQIxMQABHupj-M5Xw5ZSLy3USk0S4rNmdESQVesKkTJo1H8B2jqQQg8mL3cisUO01DEG_aem_PszMm82yP0GhpohNQqMP7Q\">https:\/\/www.dnoticias.pt\/2025\/5\/21\/449837-isal-debate-imigracao-ia-e-inovacao-no-turismo?fbclid=IwY2xjawKdm-hleHRuA2FlbQIxMQABHupj-M5Xw5ZSLy3USk0S4rNmdESQVesKkTJo1H8B2jqQQg8mL3cisUO01DEG_aem_PszMm82yP0GhpohNQqMP7Q<\/a><\/p>\n","protected":false},"excerpt":{"rendered":"<p>&#8216;THINK+ International Conference\u2019 acontece esta quinta-feira Andreia Correia&nbsp;&nbsp;21 mai 2025&nbsp;18:25 O Instituto Superior de Administra\u00e7\u00e3o e L\u00ednguas (ISAL) organiza a 5.\u00aa edi\u00e7\u00e3o da THINK+ Internacional Conference, uma confer\u00eancia interdisciplinar subordinada aos temas da &#8216;Imigra\u00e7\u00e3o, Intelig\u00eancia, Impacto, Interven\u00e7\u00e3o e Inova\u00e7\u00e3o&#8217;. O evento acontece amanh\u00e3, dia 22 de Maio, no audit\u00f3rio do ISAL, sendo poss\u00edvel acompanhar atrav\u00e9s [&hellip;]<\/p>\n","protected":false},"author":3,"featured_media":5601,"comment_status":"open","ping_status":"open","sticky":false,"template":"","format":"standard","meta":{"_seopress_robots_primary_cat":"","_seopress_titles_title":"","_seopress_titles_desc":"","_seopress_robots_index":"","footnotes":""},"categories":[20],"tags":[168,111,89,165,38,72,53,62,58,74],"class_list":["post-5600","post","type-post","status-publish","format-standard","has-post-thumbnail","hentry","category-imprensa","tag-advogado24horas","tag-advogadobrasileiroemportugal","tag-extradicao-2","tag-melhoradvogadoemportugal","tag-advogado-criminalista","tag-direitopenal","tag-eduardomauricio","tag-extradicao","tag-portugal","tag-skyecc"],"_links":{"self":[{"href":"https:\/\/eduardomauricioadvocacia.com\/index.php\/wp-json\/wp\/v2\/posts\/5600","targetHints":{"allow":["GET"]}}],"collection":[{"href":"https:\/\/eduardomauricioadvocacia.com\/index.php\/wp-json\/wp\/v2\/posts"}],"about":[{"href":"https:\/\/eduardomauricioadvocacia.com\/index.php\/wp-json\/wp\/v2\/types\/post"}],"author":[{"embeddable":true,"href":"https:\/\/eduardomauricioadvocacia.com\/index.php\/wp-json\/wp\/v2\/users\/3"}],"replies":[{"embeddable":true,"href":"https:\/\/eduardomauricioadvocacia.com\/index.php\/wp-json\/wp\/v2\/comments?post=5600"}],"version-history":[{"count":1,"href":"https:\/\/eduardomauricioadvocacia.com\/index.php\/wp-json\/wp\/v2\/posts\/5600\/revisions"}],"predecessor-version":[{"id":5602,"href":"https:\/\/eduardomauricioadvocacia.com\/index.php\/wp-json\/wp\/v2\/posts\/5600\/revisions\/5602"}],"wp:featuredmedia":[{"embeddable":true,"href":"https:\/\/eduardomauricioadvocacia.com\/index.php\/wp-json\/wp\/v2\/media\/5601"}],"wp:attachment":[{"href":"https:\/\/eduardomauricioadvocacia.com\/index.php\/wp-json\/wp\/v2\/media?parent=5600"}],"wp:term":[{"taxonomy":"category","embeddable":true,"href":"https:\/\/eduardomauricioadvocacia.com\/index.php\/wp-json\/wp\/v2\/categories?post=5600"},{"taxonomy":"post_tag","embeddable":true,"href":"https:\/\/eduardomauricioadvocacia.com\/index.php\/wp-json\/wp\/v2\/tags?post=5600"}],"curies":[{"name":"wp","href":"https:\/\/api.w.org\/{rel}","templated":true}]}}