{"id":6666,"date":"2025-11-26T18:27:23","date_gmt":"2025-11-26T18:27:23","guid":{"rendered":"https:\/\/eduardomauricioadvocacia.com\/?p=6666"},"modified":"2025-11-29T18:32:52","modified_gmt":"2025-11-29T18:32:52","slug":"como-ex-presidente-bolsonaro-tera-direitos-especiais-na-prisao","status":"publish","type":"post","link":"https:\/\/eduardomauricioadvocacia.com\/index.php\/2025\/11\/26\/como-ex-presidente-bolsonaro-tera-direitos-especiais-na-prisao\/","title":{"rendered":"Como ex-presidente, Bolsonaro ter\u00e1 direitos especiais na pris\u00e3o?"},"content":{"rendered":"\n<p>A execu\u00e7\u00e3o da pena de&nbsp;<a href=\"https:\/\/noticias.uol.com.br\/politica\/governo-bolsonaro\/\">Jair Bolsonaro<\/a>&nbsp;(PL) foi decretada ontem pelo ministro do&nbsp;<a href=\"https:\/\/noticias.uol.com.br\/politica\/stf-supremo-tribunal-federal\/\">STF<\/a>&nbsp;Alexandre de Moraes. A decis\u00e3o foi por&nbsp;<a href=\"https:\/\/noticias.uol.com.br\/politica\/ultimas-noticias\/2025\/11\/25\/stf-comunica-transito-em-julgado-de-bolsonaro-torres-e-ramagem.htm\">manter o ex-presidente na Superintend\u00eancia da Pol\u00edcia Federal<\/a>, onde ele est\u00e1 desde s\u00e1bado quando&nbsp;<a href=\"https:\/\/noticias.uol.com.br\/politica\/ultimas-noticias\/2025\/11\/22\/bolsonaro-preso.htm\">foi preso preventivamente<\/a>.<\/p>\n\n\n\n<h2 class=\"wp-block-heading\">O que aconteceu<\/h2>\n\n\n\n<p><strong>Como ex-presidente, Bolsonaro n\u00e3o tem nenhum benef\u00edcio<\/strong>. Segundo&nbsp;Sheyner&nbsp;Asf\u00f3ra, presidente da&nbsp;Abracim&nbsp;(Associa\u00e7\u00e3o Brasileira dos Advogados Criminalistas), a legisla\u00e7\u00e3o brasileira s\u00f3 prev\u00ea acesso a cela especial durante a pris\u00e3o cautelar, ou seja, apenas enquanto o processo est\u00e1 em andamento.&nbsp;<\/p>\n\n\n\n<h4 class=\"wp-block-heading\">Relacionadas<\/h4>\n\n\n\n<p><strong>J\u00e1 como capit\u00e3o da reserva, o ex-presidente tem direito de cumprir a pena uma unidade militar.<\/strong>&nbsp;&#8220;Por\u00e9m, caso a patente seja cassada (decis\u00e3o que compete ao Superior Tribunal Militar), ele perde o benef\u00edcio e passa a cumprir pena em estabelecimento prisional comum&#8221;, explica Thiago Bottino, professor da FGV Direito Rio.<\/p>\n\n\n\n<p><strong>Para criminalista, perman\u00eancia do ex-presidente na PF ocorre por &#8220;l\u00f3gica de seguran\u00e7a&#8221;<\/strong>. O especialista em direito penal Eduardo Maur\u00edcio afirma que a decis\u00e3o de Moraes n\u00e3o se baseia em &#8220;prerrogativa de foro ou fun\u00e7\u00e3o&#8221;. O advogado cita o artigo 84 da Lei de Execu\u00e7\u00e3o Penal que assegura &#8220;pris\u00e3o separada para presos cuja vida corra risco no conv\u00edvio comum&#8221;. &#8220;Por l\u00f3gica de seguran\u00e7a de Estado, esse entendimento se estende \u00e0 figura de um ex-presidente da Rep\u00fablica.&#8221;<\/p>\n\n\n\n<p><strong>Bolsonaro tamb\u00e9m tem acesso a todos os direitos de presos comuns<\/strong>. A defesa do ex-presidente pode, por exemplo, pedir o cumprimento da pena em casa com a justificativa do estado de sa\u00fade do ex-presidente. &#8220;Mas n\u00e3o \u00e9 autom\u00e1tico, a defesa tem que requerer&#8221;, afirma Marcelo&nbsp;Aith, advogado especialista em direito penal e eleitoral.<\/p>\n\n\n\n<p><strong>Viola\u00e7\u00e3o de tornozeleira eletr\u00f4nica dificulta busca de Bolsonaro por progress\u00e3o de regime ou redu\u00e7\u00e3o da pena<\/strong>. Na avalia\u00e7\u00e3o de criminalistas, o ex-presidente diminuiu suas chances ao&nbsp;<a href=\"https:\/\/noticias.uol.com.br\/politica\/ultimas-noticias\/2025\/11\/23\/bolsonaro-continua-preso-apos-audiencia-de-custodia-decisao-sera-amanha.htm\">danificar o equipamento enquanto cumpria pris\u00e3o domiciliar<\/a>. &#8220;A &#8216;falta grave&#8217; (viola\u00e7\u00e3o da tornozeleira) e a necessidade de seguran\u00e7a m\u00e1xima justificam que, mesmo sendo um preso definitivo, ele cumpra a pena em uma instala\u00e7\u00e3o policial administrativa adaptada, e n\u00e3o em uma penitenci\u00e1ria padr\u00e3o, fundindo a regra da execu\u00e7\u00e3o penal com a exce\u00e7\u00e3o da seguran\u00e7a de Estado&#8221;, afirma Maur\u00edcio.<\/p>\n\n\n\n<p><strong>Reportagem do UOL mostrou que Bolsonaro precisa cumprir 25% da pena para ter direito \u00e0 progress\u00e3o de regime<\/strong>. Segundo o c\u00e1lculo de criminalistas, o&nbsp;<a href=\"https:\/\/noticias.uol.com.br\/politica\/ultimas-noticias\/2025\/11\/25\/quanto-tempo-bolsonaro-pode-ficar-preso-em-regime-fechado.htm\">ex-presidente deve permanecer preso por aproximadamente sete anos<\/a>&nbsp;at\u00e9 alcan\u00e7ar o requisito para progress\u00e3o, conforme previsto na Lei de Execu\u00e7\u00e3o Penal.<\/p>\n\n\n\n<p><strong>Ex-presidente tentou romper o aparelho com um ferro de solda<\/strong>. Durante audi\u00eancia de cust\u00f3dia, ele afirmou que a a\u00e7\u00e3o ocorreu durante um&nbsp;<a href=\"https:\/\/noticias.uol.com.br\/politica\/ultimas-noticias\/2025\/11\/23\/bolsonaro-continua-preso-apos-audiencia-de-custodia-decisao-sera-amanha.htm\">momento de &#8220;alucina\u00e7\u00e3o&#8221;<\/a>. Bolsonaro tamb\u00e9m negou que tentativa de fuga.<\/p>\n\n\n\n<p>O Judici\u00e1rio reconheceu que inserir um ex-presidente condenado por tentativa de golpe de Estado em um pres\u00eddio comum [Papuda] geraria um risco incontrol\u00e1vel, aplicando a cautela do Art. 84 da LEP [Lei de Execu\u00e7\u00e3o Penal] antes mesmo de qualquer requerimento da defesa.<br><strong>Eduardo Maur\u00edcio, especialista em direito penal<\/strong><\/p>\n\n\n\n<h2 class=\"wp-block-heading\">Defesa de Bolsonaro<\/h2>\n\n\n\n<p><strong>Defesa do ex-presidente deve entrar com pedido de pris\u00e3o domiciliar<\/strong>. Desde o in\u00edcio, advogados e aliados de Bolsonaro alegam que o estado de sa\u00fade dele, a crise de solu\u00e7o e os efeitos das cirurgias decorrentes da facada que ele levou em 2018, justificam a medida. Ontem, o advogado Paulo Cunha Bueno disse que a conclus\u00e3o do processo \u00e9 &#8220;surpreendente&#8221;.&nbsp;<\/p>\n\n\n\n<p><strong>Bueno cita casos de Fernando Collor e da cabeleireira D\u00e9bora Rodrigues dos Santos para argumentar que ainda cabe recurso<\/strong>. &#8220;Seja como for, a defesa ajuizar\u00e1 no curso do prazo estabelecido pelo regimento o recurso que entende cab\u00edvel&#8221;, afirmou em publica\u00e7\u00e3o nas redes sociais.<\/p>\n\n\n\n<p>Fonte: <a href=\"https:\/\/noticias.uol.com.br\/politica\/ultimas-noticias\/2025\/11\/26\/bolsonaro-pode-ter-direitos-especiais-preso.amp.htm\">https:\/\/noticias.uol.com.br\/politica\/ultimas-noticias\/2025\/11\/26\/bolsonaro-pode-ter-direitos-especiais-preso.amp.htm<\/a><\/p>\n","protected":false},"excerpt":{"rendered":"<p>A execu\u00e7\u00e3o da pena de&nbsp;Jair Bolsonaro&nbsp;(PL) foi decretada ontem pelo ministro do&nbsp;STF&nbsp;Alexandre de Moraes. A decis\u00e3o foi por&nbsp;manter o ex-presidente na Superintend\u00eancia da Pol\u00edcia Federal, onde ele est\u00e1 desde s\u00e1bado quando&nbsp;foi preso preventivamente. O que aconteceu Como ex-presidente, Bolsonaro n\u00e3o tem nenhum benef\u00edcio. Segundo&nbsp;Sheyner&nbsp;Asf\u00f3ra, presidente da&nbsp;Abracim&nbsp;(Associa\u00e7\u00e3o Brasileira dos Advogados Criminalistas), a legisla\u00e7\u00e3o brasileira s\u00f3 prev\u00ea [&hellip;]<\/p>\n","protected":false},"author":3,"featured_media":6667,"comment_status":"open","ping_status":"open","sticky":false,"template":"","format":"standard","meta":{"_seopress_robots_primary_cat":"","_seopress_titles_title":"","_seopress_titles_desc":"","_seopress_robots_index":"","footnotes":""},"categories":[20],"tags":[168,111,89,165,38,72,53,62,58,74],"class_list":["post-6666","post","type-post","status-publish","format-standard","has-post-thumbnail","hentry","category-imprensa","tag-advogado24horas","tag-advogadobrasileiroemportugal","tag-extradicao-2","tag-melhoradvogadoemportugal","tag-advogado-criminalista","tag-direitopenal","tag-eduardomauricio","tag-extradicao","tag-portugal","tag-skyecc"],"_links":{"self":[{"href":"https:\/\/eduardomauricioadvocacia.com\/index.php\/wp-json\/wp\/v2\/posts\/6666","targetHints":{"allow":["GET"]}}],"collection":[{"href":"https:\/\/eduardomauricioadvocacia.com\/index.php\/wp-json\/wp\/v2\/posts"}],"about":[{"href":"https:\/\/eduardomauricioadvocacia.com\/index.php\/wp-json\/wp\/v2\/types\/post"}],"author":[{"embeddable":true,"href":"https:\/\/eduardomauricioadvocacia.com\/index.php\/wp-json\/wp\/v2\/users\/3"}],"replies":[{"embeddable":true,"href":"https:\/\/eduardomauricioadvocacia.com\/index.php\/wp-json\/wp\/v2\/comments?post=6666"}],"version-history":[{"count":1,"href":"https:\/\/eduardomauricioadvocacia.com\/index.php\/wp-json\/wp\/v2\/posts\/6666\/revisions"}],"predecessor-version":[{"id":6668,"href":"https:\/\/eduardomauricioadvocacia.com\/index.php\/wp-json\/wp\/v2\/posts\/6666\/revisions\/6668"}],"wp:featuredmedia":[{"embeddable":true,"href":"https:\/\/eduardomauricioadvocacia.com\/index.php\/wp-json\/wp\/v2\/media\/6667"}],"wp:attachment":[{"href":"https:\/\/eduardomauricioadvocacia.com\/index.php\/wp-json\/wp\/v2\/media?parent=6666"}],"wp:term":[{"taxonomy":"category","embeddable":true,"href":"https:\/\/eduardomauricioadvocacia.com\/index.php\/wp-json\/wp\/v2\/categories?post=6666"},{"taxonomy":"post_tag","embeddable":true,"href":"https:\/\/eduardomauricioadvocacia.com\/index.php\/wp-json\/wp\/v2\/tags?post=6666"}],"curies":[{"name":"wp","href":"https:\/\/api.w.org\/{rel}","templated":true}]}}