{"id":6694,"date":"2025-12-02T17:40:57","date_gmt":"2025-12-02T17:40:57","guid":{"rendered":"https:\/\/eduardomauricioadvocacia.com\/?p=6694"},"modified":"2026-01-08T17:42:55","modified_gmt":"2026-01-08T17:42:55","slug":"nova-lei-da-prisao-preventiva-entre-a-eficiencia-processual-e-a-garantia-individual","status":"publish","type":"post","link":"https:\/\/eduardomauricioadvocacia.com\/index.php\/2025\/12\/02\/nova-lei-da-prisao-preventiva-entre-a-eficiencia-processual-e-a-garantia-individual\/","title":{"rendered":"Nova lei da pris\u00e3o preventiva: entre a efici\u00eancia processual e a garantia individual"},"content":{"rendered":"\n<p>O texto legal entrega ao juiz de garantias e ao juiz da instru\u00e7\u00e3o par\u00e2metros claros para justificar a medida extrema da priva\u00e7\u00e3o de liberdade, restringindo o voluntarismo judicial. A aplica\u00e7\u00e3o pr\u00e1tica, contudo, especialmente no tocante \u00e0 valora\u00e7\u00e3o de inqu\u00e9ritos em andamento como indicativo de risco, inevitavelmente estimular\u00e1 debates constitucionais intensos.<\/p>\n\n\n\n<p>A san\u00e7\u00e3o da Lei 15.272, em 26 de novembro de 2025, representa um marco na evolu\u00e7\u00e3o do processo penal brasileiro e inaugura uma fase de pragmatismo legislativo na gest\u00e3o da segrega\u00e7\u00e3o cautelar. Ao alterar dispositivos estruturais do C\u00f3digo de Processo Penal, notadamente os artigos 310 e 312, o legislador tenta resolver uma tens\u00e3o hist\u00f3rica: conferir objetividade aos crit\u00e9rios de pris\u00e3o preventiva sem ignorar a necessidade de conten\u00e7\u00e3o da criminalidade reiterada. Trata-se de uma reengenharia dos requisitos do periculum libertatis, que exige dos operadores do direito uma leitura menos autom\u00e1tica e mais conectada \u00e0 realidade social do risco apresentado pelo custodiado.<\/p>\n\n\n\n<p>A inova\u00e7\u00e3o mais sens\u00edvel est\u00e1 na positiva\u00e7\u00e3o de crit\u00e9rios objetivos que orientam a convers\u00e3o do flagrante em pris\u00e3o preventiva na audi\u00eancia de cust\u00f3dia. O novo \u00a75\u00ba do artigo 310 retira o magistrado de uma zona de conforto subjetiva, impondo um roteiro de an\u00e1lise vinculado \u00e0 reitera\u00e7\u00e3o delitiva e \u00e0 gravidade concreta da conduta. Ao prever que a pr\u00e1tica de crimes durante a tramita\u00e7\u00e3o de inqu\u00e9ritos ou a\u00e7\u00f5es penais, bem como a reincid\u00eancia espec\u00edfica ap\u00f3s libera\u00e7\u00e3o anterior, s\u00e3o vetores para o encarceramento, o dispositivo desafia diretamente a jurisprud\u00eancia consolidada, especialmente a S\u00famula 444 do STJ.&nbsp;<\/p>\n\n\n\n<p>A op\u00e7\u00e3o legislativa \u00e9 clara: priorizar a tutela da ordem p\u00fablica em uma dimens\u00e3o de prote\u00e7\u00e3o imediata, mitigando, ainda que de forma excepcional e cautelar,a rigidez absoluta do princ\u00edpio da n\u00e3o-culpabilidade para interromper ciclos criminais habituais.<\/p>\n\n\n\n<p>A reforma tamb\u00e9m aprimora o conceito de periculosidade no artigo 312 ao afastar, de modo definitivo, a fundamenta\u00e7\u00e3o baseada na gravidade abstrata do delito. A exig\u00eancia de demonstra\u00e7\u00e3o concreta do modus operandi, da participa\u00e7\u00e3o em organiza\u00e7\u00e3o criminosa ou da natureza lesiva dos materiais apreendidos \u2014 como o potencial ofensivo de armamentos ou a variedade de entorpecentes, eleva o padr\u00e3o de motiva\u00e7\u00e3o judicial. O movimento \u00e9 ambivalente: de um lado, fornece instrumentos legais para manter presos indiv\u00edduos de comprovada periculosidade; de outro, protege o sistema contra a prisioniza\u00e7\u00e3o autom\u00e1tica e baseada apenas na tipifica\u00e7\u00e3o penal, exigindo risco real e individualizado \u00e0 ordem p\u00fablica.<\/p>\n\n\n\n<p>No eixo da produ\u00e7\u00e3o de prova e da intelig\u00eancia investigativa, a cria\u00e7\u00e3o do artigo 310-A moderniza o aparato estatal ao tornar obrigat\u00f3rio o requerimento de coleta de material biol\u00f3gico para identifica\u00e7\u00e3o gen\u00e9tica em casos de crimes violentos, sexuais ou praticados por organiza\u00e7\u00f5es criminosas armadas.\u00a0<br><br>A medida alinha o Brasil a pr\u00e1ticas internacionais contempor\u00e2neas, afastando impasses doutrin\u00e1rios sobre autoincrimina\u00e7\u00e3o em nome da precis\u00e3o cient\u00edfica e da resolu\u00e7\u00e3o de cold cases. A tecnologia passa a compor a cadeia de cust\u00f3dia desde a pris\u00e3o, fortalecendo o lastro probat\u00f3rio e reduzindo a margem de erro, tanto para condena\u00e7\u00f5es injustas quanto para absolvi\u00e7\u00f5es decorrentes de falta de materialidade.<\/p>\n\n\n\n<p>Assim, a Lei 15.272\/2025 n\u00e3o deve ser lida sob a \u00f3tica simplificadora do punitivismo, mas como uma tentativa de racionalizar o sistema de justi\u00e7a criminal. O texto legal entrega ao juiz de garantias e ao juiz da instru\u00e7\u00e3o par\u00e2metros claros para justificar a medida extrema da priva\u00e7\u00e3o de liberdade, restringindo o voluntarismo judicial. A aplica\u00e7\u00e3o pr\u00e1tica, contudo, especialmente no tocante \u00e0 valora\u00e7\u00e3o de inqu\u00e9ritos em andamento como indicativo de risco, inevitavelmente estimular\u00e1 debates constitucionais intensos. Caber\u00e1 \u00e0s Cortes Superiores modular esses dispositivos, garantindo que a busca por efici\u00eancia e seguran\u00e7a p\u00fablica n\u00e3o sufoque as garantias fundamentais que estruturam o Estado Democr\u00e1tico de Direito.<\/p>\n\n\n\n<p>Fonte: <a href=\"https:\/\/www.estadao.com.br\/politica\/blog-do-fausto-macedo\/nova-lei-da-prisao-preventiva-entre-a-eficiencia-processual-e-a-garantia-individual\/\">https:\/\/www.estadao.com.br\/politica\/blog-do-fausto-macedo\/nova-lei-da-prisao-preventiva-entre-a-eficiencia-processual-e-a-garantia-individual\/<\/a><\/p>\n\n\n\n<p><\/p>\n","protected":false},"excerpt":{"rendered":"<p>O texto legal entrega ao juiz de garantias e ao juiz da instru\u00e7\u00e3o par\u00e2metros claros para justificar a medida extrema da priva\u00e7\u00e3o de liberdade, restringindo o voluntarismo judicial. A aplica\u00e7\u00e3o pr\u00e1tica, contudo, especialmente no tocante \u00e0 valora\u00e7\u00e3o de inqu\u00e9ritos em andamento como indicativo de risco, inevitavelmente estimular\u00e1 debates constitucionais intensos. A san\u00e7\u00e3o da Lei 15.272, [&hellip;]<\/p>\n","protected":false},"author":3,"featured_media":6695,"comment_status":"open","ping_status":"open","sticky":false,"template":"","format":"standard","meta":{"_seopress_robots_primary_cat":"","_seopress_titles_title":"","_seopress_titles_desc":"","_seopress_robots_index":"","footnotes":""},"categories":[20],"tags":[168,111,89,165,38,72,53,62,58,74],"class_list":["post-6694","post","type-post","status-publish","format-standard","has-post-thumbnail","hentry","category-imprensa","tag-advogado24horas","tag-advogadobrasileiroemportugal","tag-extradicao-2","tag-melhoradvogadoemportugal","tag-advogado-criminalista","tag-direitopenal","tag-eduardomauricio","tag-extradicao","tag-portugal","tag-skyecc"],"_links":{"self":[{"href":"https:\/\/eduardomauricioadvocacia.com\/index.php\/wp-json\/wp\/v2\/posts\/6694","targetHints":{"allow":["GET"]}}],"collection":[{"href":"https:\/\/eduardomauricioadvocacia.com\/index.php\/wp-json\/wp\/v2\/posts"}],"about":[{"href":"https:\/\/eduardomauricioadvocacia.com\/index.php\/wp-json\/wp\/v2\/types\/post"}],"author":[{"embeddable":true,"href":"https:\/\/eduardomauricioadvocacia.com\/index.php\/wp-json\/wp\/v2\/users\/3"}],"replies":[{"embeddable":true,"href":"https:\/\/eduardomauricioadvocacia.com\/index.php\/wp-json\/wp\/v2\/comments?post=6694"}],"version-history":[{"count":1,"href":"https:\/\/eduardomauricioadvocacia.com\/index.php\/wp-json\/wp\/v2\/posts\/6694\/revisions"}],"predecessor-version":[{"id":6696,"href":"https:\/\/eduardomauricioadvocacia.com\/index.php\/wp-json\/wp\/v2\/posts\/6694\/revisions\/6696"}],"wp:featuredmedia":[{"embeddable":true,"href":"https:\/\/eduardomauricioadvocacia.com\/index.php\/wp-json\/wp\/v2\/media\/6695"}],"wp:attachment":[{"href":"https:\/\/eduardomauricioadvocacia.com\/index.php\/wp-json\/wp\/v2\/media?parent=6694"}],"wp:term":[{"taxonomy":"category","embeddable":true,"href":"https:\/\/eduardomauricioadvocacia.com\/index.php\/wp-json\/wp\/v2\/categories?post=6694"},{"taxonomy":"post_tag","embeddable":true,"href":"https:\/\/eduardomauricioadvocacia.com\/index.php\/wp-json\/wp\/v2\/tags?post=6694"}],"curies":[{"name":"wp","href":"https:\/\/api.w.org\/{rel}","templated":true}]}}