{"id":6715,"date":"2025-12-11T18:17:08","date_gmt":"2025-12-11T18:17:08","guid":{"rendered":"https:\/\/eduardomauricioadvocacia.com\/?p=6715"},"modified":"2026-01-08T18:19:56","modified_gmt":"2026-01-08T18:19:56","slug":"provas-digitais-obtidas-no-exterior-nao-sao-automaticamente-validas","status":"publish","type":"post","link":"https:\/\/eduardomauricioadvocacia.com\/index.php\/2025\/12\/11\/provas-digitais-obtidas-no-exterior-nao-sao-automaticamente-validas\/","title":{"rendered":"Provas digitais obtidas no exterior n\u00e3o s\u00e3o automaticamente v\u00e1lidas"},"content":{"rendered":"\n<p>A decis\u00e3o do Tribunal Superior de Zurique de anular provas extra\u00eddas da plataforma criptografada Sky ECC, por viola\u00e7\u00e3o de territorialidade, aus\u00eancia de suspeita individualizada e inobserv\u00e2ncia das regras su\u00ed\u00e7as de vigil\u00e2ncia, marca um momento decisivo no debate global sobre admissibilidade e validade de evid\u00eancias digitais. Trata-se de um precedente que refor\u00e7a limites jur\u00eddicos em um contexto de investiga\u00e7\u00f5es transnacionais cada vez mais dependentes de dados e coopera\u00e7\u00e3o policial internacional.<\/p>\n\n\n\n<p>Proferida em 15 de agosto de 2025, a decis\u00e3o examinou a admissibilidade de dados obtidos por autoridades francesas no \u00e2mbito de opera\u00e7\u00f5es contra a Sky ECC, amplamente utilizada por grupos criminosos em diferentes pa\u00edses. A Corte acolheu integralmente a argumenta\u00e7\u00e3o da defesa e declarou as provas inadmiss\u00edveis, afirmando que houve viola\u00e7\u00e3o direta da soberania su\u00ed\u00e7a.&nbsp;<\/p>\n\n\n\n<p>Isso ocorreu porque as autoridades francesas desencadearam uma manipula\u00e7\u00e3o da rede que levou dispositivos Sky ECC localizados em territ\u00f3rio su\u00ed\u00e7o a transmitir suas chaves criptogr\u00e1ficas para um servidor sob controle franc\u00eas, sem nenhum pedido de coopera\u00e7\u00e3o ou autoriza\u00e7\u00e3o judicial da Su\u00ed\u00e7a. O Tribunal classificou o procedimento como uma medida coercitiva estrangeira ilegal, determinando a exclus\u00e3o absoluta das provas e rejeitando qualquer possibilidade de pondera\u00e7\u00e3o com base na gravidade dos fatos ou na utilidade investigativa.<\/p>\n\n\n\n<p>O Tribunal tamb\u00e9m destacou que, no momento das medidas francesas, n\u00e3o havia suspeita concreta contra o r\u00e9u, o que torna ileg\u00edtima qualquer forma de vigil\u00e2ncia sob a legisla\u00e7\u00e3o su\u00ed\u00e7a, que exige suspeita individualizada para autorizar medidas secretas. As ordens emitidas na Fran\u00e7a eram t\u00e3o abrangentes que geraram interpreta\u00e7\u00f5es divergentes em toda a Europa: alguns tribunais entenderam que miravam operadores da plataforma, outros conclu\u00edram que o alvo eram todos os usu\u00e1rios ou at\u00e9 mesmo \u201cpessoas desconhecidas\u201d. Em nenhum desses casos, argumentou o Tribunal Superior de Zurique, o limiar m\u00ednimo de suspeita exigido pelo Direito su\u00ed\u00e7o teria sido atingido.&nbsp;<\/p>\n\n\n\n<p>Em situa\u00e7\u00f5es em que medidas recaem sobre pessoas indeterminadas, eventuais achados envolvendo terceiros configurariam meras descobertas incidentais, insuficientes para legitimar a vigil\u00e2ncia. O Tribunal anotou ainda que algumas das condutas investigadas nem sequer constituiriam crimes aptos a justificar medidas de intercepta\u00e7\u00e3o no pa\u00eds.<\/p>\n\n\n\n<p>A decis\u00e3o tamb\u00e9m enfrentou o debate sobre o direito da defesa de acessar dados brutos das comunica\u00e7\u00f5es interceptadas, tema que tem ganhado relevo nos tribunais europeus. Embora n\u00e3o tenha fixado uma tese, a Corte observou que o material fornecido no caso n\u00e3o corresponde ao conceito de \u201cdados brutos\u201d definido pelo Tribunal Europeu de Direitos Humanos, apontando futuras discuss\u00f5es sobre transpar\u00eancia, cadeia de cust\u00f3dia e integridade da prova digital.<\/p>\n\n\n\n<p>O julgamento desencadeou uma forte rea\u00e7\u00e3o p\u00fablica e pol\u00edtica na Su\u00ed\u00e7a, acompanhada por esfor\u00e7os de comunica\u00e7\u00e3o destinados a sugerir que a decis\u00e3o representaria amea\u00e7a \u00e0 seguran\u00e7a nacional. Apesar dessa press\u00e3o, o Tribunal manteve o foco na legalidade estrita e na prote\u00e7\u00e3o das garantias processuais, afastando o argumento utilitarista de que a efic\u00e1cia da investiga\u00e7\u00e3o justificaria atropelos a limites territoriais e legais.<br>A decis\u00e3o de Zurique projeta efeitos para al\u00e9m da Europa. Em um contexto no qual investiga\u00e7\u00f5es criminais dependem cada vez mais da circula\u00e7\u00e3o de dados entre pa\u00edses, a Corte refor\u00e7ou que cada Estado deve aferir, de forma aut\u00f4noma, a validade da prova \u00e0 luz de sua legisla\u00e7\u00e3o interna, em conson\u00e2ncia com orienta\u00e7\u00e3o do Tribunal Europeu de Direitos Humanos. Provas digitais obtidas no exterior, portanto, n\u00e3o s\u00e3o automaticamente v\u00e1lidas: sua admissibilidade exige respeito \u00e0s regras nacionais sobre intercepta\u00e7\u00e3o, cadeia de cust\u00f3dia e limites territoriais.<\/p>\n\n\n\n<p>Num cen\u00e1rio em que infraestruturas tecnol\u00f3gicas e plataformas criptografadas operam acima das fronteiras, a decis\u00e3o evidencia o papel essencial da advocacia criminal internacional. A atua\u00e7\u00e3o t\u00e9cnica e coordenada entre defesa, peritos e especialistas em diferentes pa\u00edses se torna decisiva para expor viola\u00e7\u00f5es, garantir acesso a material \u00edntegro e assegurar que a prova digital cumpra os requisitos legais necess\u00e1rios.<\/p>\n\n\n\n<p>O caso su\u00ed\u00e7o demonstra que a prova digital n\u00e3o est\u00e1 imune ao devido processo legal e que, quando nasce de viola\u00e7\u00f5es \u00e0 soberania, ao Direito interno ou \u00e0 falta de suspeita individualizada, sua exclus\u00e3o \u00e9 n\u00e3o apenas poss\u00edvel, mas obrigat\u00f3ria.<\/p>\n\n\n\n<p>Fonte: <a href=\"https:\/\/correiodoestado.com.br\/opiniao\/provas-digitais-obtidas-no-exterior-nao-sao-automaticamente-validas\/458946\/#:~:text=Provas%20digitais%20obtidas%20no%20exterior%2C%20portanto%2C%20n\u00e3o%20s\u00e3o%20automaticamente%20v\u00e1lidas,de%20cust\u00f3dia%20e%20limites%20territoriais\">https:\/\/correiodoestado.com.br\/opiniao\/provas-digitais-obtidas-no-exterior-nao-sao-automaticamente-validas\/458946\/#:~:text=Provas%20digitais%20obtidas%20no%20exterior%2C%20portanto%2C%20n\u00e3o%20s\u00e3o%20automaticamente%20v\u00e1lidas,de%20cust\u00f3dia%20e%20limites%20territoriais<\/a><\/p>\n","protected":false},"excerpt":{"rendered":"<p>A decis\u00e3o do Tribunal Superior de Zurique de anular provas extra\u00eddas da plataforma criptografada Sky ECC, por viola\u00e7\u00e3o de territorialidade, aus\u00eancia de suspeita individualizada e inobserv\u00e2ncia das regras su\u00ed\u00e7as de vigil\u00e2ncia, marca um momento decisivo no debate global sobre admissibilidade e validade de evid\u00eancias digitais. Trata-se de um precedente que refor\u00e7a limites jur\u00eddicos em um [&hellip;]<\/p>\n","protected":false},"author":3,"featured_media":6716,"comment_status":"open","ping_status":"open","sticky":false,"template":"","format":"standard","meta":{"_seopress_robots_primary_cat":"","_seopress_titles_title":"","_seopress_titles_desc":"","_seopress_robots_index":"","footnotes":""},"categories":[20],"tags":[168,111,89,165,38,72,53,62,58,74],"class_list":["post-6715","post","type-post","status-publish","format-standard","has-post-thumbnail","hentry","category-imprensa","tag-advogado24horas","tag-advogadobrasileiroemportugal","tag-extradicao-2","tag-melhoradvogadoemportugal","tag-advogado-criminalista","tag-direitopenal","tag-eduardomauricio","tag-extradicao","tag-portugal","tag-skyecc"],"_links":{"self":[{"href":"https:\/\/eduardomauricioadvocacia.com\/index.php\/wp-json\/wp\/v2\/posts\/6715","targetHints":{"allow":["GET"]}}],"collection":[{"href":"https:\/\/eduardomauricioadvocacia.com\/index.php\/wp-json\/wp\/v2\/posts"}],"about":[{"href":"https:\/\/eduardomauricioadvocacia.com\/index.php\/wp-json\/wp\/v2\/types\/post"}],"author":[{"embeddable":true,"href":"https:\/\/eduardomauricioadvocacia.com\/index.php\/wp-json\/wp\/v2\/users\/3"}],"replies":[{"embeddable":true,"href":"https:\/\/eduardomauricioadvocacia.com\/index.php\/wp-json\/wp\/v2\/comments?post=6715"}],"version-history":[{"count":1,"href":"https:\/\/eduardomauricioadvocacia.com\/index.php\/wp-json\/wp\/v2\/posts\/6715\/revisions"}],"predecessor-version":[{"id":6717,"href":"https:\/\/eduardomauricioadvocacia.com\/index.php\/wp-json\/wp\/v2\/posts\/6715\/revisions\/6717"}],"wp:featuredmedia":[{"embeddable":true,"href":"https:\/\/eduardomauricioadvocacia.com\/index.php\/wp-json\/wp\/v2\/media\/6716"}],"wp:attachment":[{"href":"https:\/\/eduardomauricioadvocacia.com\/index.php\/wp-json\/wp\/v2\/media?parent=6715"}],"wp:term":[{"taxonomy":"category","embeddable":true,"href":"https:\/\/eduardomauricioadvocacia.com\/index.php\/wp-json\/wp\/v2\/categories?post=6715"},{"taxonomy":"post_tag","embeddable":true,"href":"https:\/\/eduardomauricioadvocacia.com\/index.php\/wp-json\/wp\/v2\/tags?post=6715"}],"curies":[{"name":"wp","href":"https:\/\/api.w.org\/{rel}","templated":true}]}}