{"id":6724,"date":"2025-12-14T18:41:47","date_gmt":"2025-12-14T18:41:47","guid":{"rendered":"https:\/\/eduardomauricioadvocacia.com\/?p=6724"},"modified":"2026-01-08T18:51:51","modified_gmt":"2026-01-08T18:51:51","slug":"educado-discreto-e-empresario-como-era-o-disfarce-de-um-dos-maiores-traficantes-da-america-do-sul","status":"publish","type":"post","link":"https:\/\/eduardomauricioadvocacia.com\/index.php\/2025\/12\/14\/educado-discreto-e-empresario-como-era-o-disfarce-de-um-dos-maiores-traficantes-da-america-do-sul\/","title":{"rendered":"Educado, discreto e empres\u00e1rio: como era o disfarce de um dos maiores traficantes da Am\u00e9rica do Sul"},"content":{"rendered":"\n<figure class=\"wp-block-embed is-type-video is-provider-youtube wp-block-embed-youtube wp-embed-aspect-16-9 wp-has-aspect-ratio\"><div class=\"wp-block-embed__wrapper\">\n<iframe title=\"Fant\u00e1stico: Traficante Rodrigo Alvarenga usava disfarce discreto para suas opera\u00e7\u00f5es\" width=\"800\" height=\"450\" src=\"https:\/\/www.youtube.com\/embed\/XapGBc7lqp0?start=399&#038;feature=oembed\" frameborder=\"0\" allow=\"accelerometer; autoplay; clipboard-write; encrypted-media; gyroscope; picture-in-picture; web-share\" referrerpolicy=\"strict-origin-when-cross-origin\" allowfullscreen><\/iframe>\n<\/div><\/figure>\n\n\n\n<p>Homem com estampa de empres\u00e1rio \u00e9 considerado pela pol\u00edcia chefe de esquema internacional&nbsp;<\/p>\n\n\n\n<p><strong>Educado, discreto e de fala mansa<\/strong>, Rodrigo Alvarenga Paredes se apresentava como empres\u00e1rio, fazendeiro e herdeiro. A apar\u00eancia de &#8220;bom mo\u00e7o&#8221;, segundo as autoridades,&nbsp;escondia um dos maiores traficantes de drogas da Am\u00e9rica do Sul.&nbsp;<\/p>\n\n\n\n<p><strong>Preso desde mar\u00e7o de 2023<\/strong>, ele \u00e9 acusado de comandar um esquema internacional de envio de coca\u00edna para a Europa. Segundo a pol\u00edcia, o grupo&nbsp;enviou ao menos 11 toneladas da droga para o continente entre 2020 e 2022.&nbsp;A carga est\u00e1 avaliada em cerca de&nbsp;<strong>R$ 2,8 bilh\u00f5es.<\/strong><\/p>\n\n\n\n<p>Em depoimento \u00e0 Justi\u00e7a em maio deste ano, Alvarenga pediu desculpas pela emo\u00e7\u00e3o, agradeceu a oportunidade de falar e destacou a origem familiar. Disse ter nascido em uma &#8220;fam\u00edlia aben\u00e7oada&#8221; e afirmou que sempre manteve um padr\u00e3o de vida confort\u00e1vel, mas sem ostenta\u00e7\u00e3o.<\/p>\n\n\n\n<blockquote class=\"wp-block-quote is-layout-flow wp-block-quote-is-layout-flow\">\n<p>Em audi\u00eancia, negou ser l\u00edder e financiador de qualquer organiza\u00e7\u00e3o criminosa. &#8220;Nego categoricamente [&#8230;] N\u00e3o sei, para mim \u00e9 como se fosse um filme de terror isso&#8221;, afirmou.<\/p>\n<\/blockquote>\n\n\n\n<p>Para a&nbsp;<a href=\"https:\/\/g1.globo.com\/tudo-sobre\/policia-federal\/\">Pol\u00edcia Federal<\/a>&nbsp;e o&nbsp;<a href=\"https:\/\/g1.globo.com\/tudo-sobre\/ministerio-publico-federal\/\">Minist\u00e9rio P\u00fablico Federal<\/a>, por\u00e9m, o&nbsp;<strong>perfil discreto fazia parte da estrat\u00e9gia<\/strong>. As investiga\u00e7\u00f5es apontam que Alvarenga tinha capacidade de organiza\u00e7\u00e3o e controle de todas as etapas do tr\u00e1fico, desde a negocia\u00e7\u00e3o da coca\u00edna em pa\u00edses produtores at\u00e9 a log\u00edstica de envio para portos do Sul do Brasil e, depois, para a Europa, \u00c1sia e \u00c1frica, al\u00e9m da lavagem do dinheiro.<\/p>\n\n\n\n<p>Um dos maiores traficantes da Am\u00e9rica do Sul, Rodrigo Alvarenga Paredes se apresentava como empres\u00e1rio, fazendeiro e herdeiro \u2014 Foto: Montagem\/g1&nbsp;<\/p>\n\n\n\n<p>Para a Procuradoria-Geral da Rep\u00fablica, tratava-se de uma organiza\u00e7\u00e3o transnacional com estrutura empresarial, que atuava de forma profissional em todas as fases da opera\u00e7\u00e3o.<\/p>\n\n\n\n<blockquote class=\"wp-block-quote is-layout-flow wp-block-quote-is-layout-flow\">\n<p>A investiga\u00e7\u00e3o indica que a coca\u00edna era produzida na Bol\u00edvia, transportada por carro ou avi\u00e3o pelo Paraguai e introduzida no Brasil pela regi\u00e3o Sul. A droga seguia ent\u00e3o para portos brasileiros, de onde era enviada ao exterior escondida em cargas legais.<\/p>\n<\/blockquote>\n\n\n\n<p>Ap\u00f3s a pris\u00e3o de Alvarenga, em mar\u00e7o de 2023, a&nbsp;<a href=\"https:\/\/g1.globo.com\/tudo-sobre\/policia-federal\/\">Pol\u00edcia Federal<\/a>&nbsp;e o&nbsp;<a href=\"https:\/\/g1.globo.com\/tudo-sobre\/ministerio-publico-federal\/\">Minist\u00e9rio P\u00fablico Federal<\/a>&nbsp;intensificaram as opera\u00e7\u00f5es para localizar comparsas e compradores da droga na Europa. A a\u00e7\u00e3o mais recente ocorreu no fim do m\u00eas passado, com opera\u00e7\u00f5es simult\u00e2neas no Brasil, no Paraguai e na Holanda.<\/p>\n\n\n\n<p>Um dos epis\u00f3dios que chamou a aten\u00e7\u00e3o dos investigadores envolve uma carga de 1,7 tonelada de coca\u00edna enviada para Hamburgo, na Alemanha.&nbsp;<\/p>\n\n\n\n<p>Mensagens interceptadas mostram o alban\u00eas&nbsp;<strong>Armando Pacani<\/strong>, apontado como um dos principais compradores, avisando sobre o sumi\u00e7o do cont\u00eainer. Parte da droga foi recuperada pelos traficantes, e o restante apreendido pela pol\u00edcia alem\u00e3.<\/p>\n\n\n\n<p>As investiga\u00e7\u00f5es tamb\u00e9m levaram ao porto de Rio Grande, no Rio Grande do Sul, apontado como a principal base log\u00edstica do grupo.&nbsp;<\/p>\n\n\n\n<p>Segundo as autoridades, a organiza\u00e7\u00e3o tinha acesso a \u00e1reas restritas do porto com a ajuda de empres\u00e1rios locais. Um deles,&nbsp;<strong>C\u00e9sar de Oliveira J\u00fanior<\/strong>, \u00e9 apontado como respons\u00e1vel por organizar exporta\u00e7\u00f5es usadas para esconder a droga em meio a cargas legais.<\/p>\n\n\n\n<p>C\u00e9sar nega envolvimento com o tr\u00e1fico. Seus advogados afirmam que ele nunca participou de pr\u00e1ticas il\u00edcitas e que mant\u00e9m reputa\u00e7\u00e3o \u00edntegra ao longo de 30 anos de carreira. J\u00e1 Pacani est\u00e1 em Dubai, e o Brasil pediu a extradi\u00e7\u00e3o dele. A defesa diz que ele \u00e9 um cidad\u00e3o comum, sem antecedentes criminais e sem patrim\u00f4nio bloqueado.<\/p>\n\n\n\n<p>A defesa de Alvarenga tamb\u00e9m contesta as acusa\u00e7\u00f5es. Os advogados afirmam que n\u00e3o h\u00e1 provas suficientes para sustentar uma condena\u00e7\u00e3o criminal e que o acusado n\u00e3o participou dos atos descritos na den\u00fancia. Desde o in\u00edcio das opera\u00e7\u00f5es, a pol\u00edcia j\u00e1 prendeu 21 pessoas e bloqueou bens avaliados em quase R$ 500 milh\u00f5es.<\/p>\n\n\n\n<p>Fonte: <a href=\"https:\/\/g1.globo.com\/google\/amp\/fantastico\/noticia\/2025\/12\/14\/educado-discreto-e-empresario-como-era-o-disfarce-de-um-dos-maiores-traficantes-da-america-do-sul.ghtml\">https:\/\/g1.globo.com\/google\/amp\/fantastico\/noticia\/2025\/12\/14\/educado-discreto-e-empresario-como-era-o-disfarce-de-um-dos-maiores-traficantes-da-america-do-sul.ghtml<\/a><\/p>\n","protected":false},"excerpt":{"rendered":"<p>Homem com estampa de empres\u00e1rio \u00e9 considerado pela pol\u00edcia chefe de esquema internacional&nbsp; Educado, discreto e de fala mansa, Rodrigo Alvarenga Paredes se apresentava como empres\u00e1rio, fazendeiro e herdeiro. A apar\u00eancia de &#8220;bom mo\u00e7o&#8221;, segundo as autoridades,&nbsp;escondia um dos maiores traficantes de drogas da Am\u00e9rica do Sul.&nbsp; Preso desde mar\u00e7o de 2023, ele \u00e9 acusado [&hellip;]<\/p>\n","protected":false},"author":3,"featured_media":6725,"comment_status":"open","ping_status":"open","sticky":false,"template":"","format":"standard","meta":{"_seopress_robots_primary_cat":"","_seopress_titles_title":"","_seopress_titles_desc":"","_seopress_robots_index":"","footnotes":""},"categories":[20],"tags":[168,111,89,165,38,72,53,62,58,74],"class_list":["post-6724","post","type-post","status-publish","format-standard","has-post-thumbnail","hentry","category-imprensa","tag-advogado24horas","tag-advogadobrasileiroemportugal","tag-extradicao-2","tag-melhoradvogadoemportugal","tag-advogado-criminalista","tag-direitopenal","tag-eduardomauricio","tag-extradicao","tag-portugal","tag-skyecc"],"_links":{"self":[{"href":"https:\/\/eduardomauricioadvocacia.com\/index.php\/wp-json\/wp\/v2\/posts\/6724","targetHints":{"allow":["GET"]}}],"collection":[{"href":"https:\/\/eduardomauricioadvocacia.com\/index.php\/wp-json\/wp\/v2\/posts"}],"about":[{"href":"https:\/\/eduardomauricioadvocacia.com\/index.php\/wp-json\/wp\/v2\/types\/post"}],"author":[{"embeddable":true,"href":"https:\/\/eduardomauricioadvocacia.com\/index.php\/wp-json\/wp\/v2\/users\/3"}],"replies":[{"embeddable":true,"href":"https:\/\/eduardomauricioadvocacia.com\/index.php\/wp-json\/wp\/v2\/comments?post=6724"}],"version-history":[{"count":2,"href":"https:\/\/eduardomauricioadvocacia.com\/index.php\/wp-json\/wp\/v2\/posts\/6724\/revisions"}],"predecessor-version":[{"id":6727,"href":"https:\/\/eduardomauricioadvocacia.com\/index.php\/wp-json\/wp\/v2\/posts\/6724\/revisions\/6727"}],"wp:featuredmedia":[{"embeddable":true,"href":"https:\/\/eduardomauricioadvocacia.com\/index.php\/wp-json\/wp\/v2\/media\/6725"}],"wp:attachment":[{"href":"https:\/\/eduardomauricioadvocacia.com\/index.php\/wp-json\/wp\/v2\/media?parent=6724"}],"wp:term":[{"taxonomy":"category","embeddable":true,"href":"https:\/\/eduardomauricioadvocacia.com\/index.php\/wp-json\/wp\/v2\/categories?post=6724"},{"taxonomy":"post_tag","embeddable":true,"href":"https:\/\/eduardomauricioadvocacia.com\/index.php\/wp-json\/wp\/v2\/tags?post=6724"}],"curies":[{"name":"wp","href":"https:\/\/api.w.org\/{rel}","templated":true}]}}