{"id":6795,"date":"2026-02-08T16:21:39","date_gmt":"2026-02-08T16:21:39","guid":{"rendered":"https:\/\/eduardomauricioadvocacia.com\/?p=6795"},"modified":"2026-02-18T16:24:41","modified_gmt":"2026-02-18T16:24:41","slug":"o-custo-humano-do-endurecimento-migratorio","status":"publish","type":"post","link":"https:\/\/eduardomauricioadvocacia.com\/index.php\/2026\/02\/08\/o-custo-humano-do-endurecimento-migratorio\/","title":{"rendered":"O custo humano do endurecimento migrat\u00f3rio"},"content":{"rendered":"\n<p>O retorno for\u00e7ado de cidad\u00e3os, muitas vezes ap\u00f3s anos de resid\u00eancia no exterior, implica desafios de reinser\u00e7\u00e3o profissional e reestrutura\u00e7\u00e3o familiar.<\/p>\n\n\n\n<p><strong>Eduardo Maur\u00edcio<\/strong><br>Advogado no Brasil, em Portugal, na Hungria e na Espanha<\/p>\n\n\n\n<p>O recrudescimento da pol\u00edtica migrat\u00f3ria dos Estados Unidos, especialmente ap\u00f3s o retorno de Donald Trump ao comando da Casa Branca, reacendeu um debate global que vai muito al\u00e9m da soberania das na\u00e7\u00f5es sobre suas fronteiras. O aumento expressivo das deporta\u00e7\u00f5es de brasileiros, acompanhado de relatos de viola\u00e7\u00f5es de direitos e procedimentos sum\u00e1rios de remo\u00e7\u00e3o, revela uma realidade que exige reflex\u00e3o jur\u00eddica e humanit\u00e1ria.<\/p>\n\n\n\n<p>Os n\u00fameros falam por si. Em 2025, mais de 3,5 mil brasileiros foram deportados dos Estados Unidos, n\u00famero que representa mais que o dobro do registrado no ano anterior. Apenas nas primeiras semanas de 2026, novas deporta\u00e7\u00f5es j\u00e1 foram registradas, demonstrando que a pol\u00edtica de endurecimento migrat\u00f3rio deixou de ser um discurso pol\u00edtico e se consolidou como pr\u00e1tica institucional.<\/p>\n\n\n\n<p>O ponto mais sens\u00edvel desse cen\u00e1rio reside na amplia\u00e7\u00e3o do mecanismo conhecido como \u201cremo\u00e7\u00e3o acelerada\u201d. Trata-se de um procedimento que permite a deporta\u00e7\u00e3o de imigrantes sem audi\u00eancia judicial formal, especialmente quando n\u00e3o conseguem comprovar resid\u00eancia cont\u00ednua nos Estados Unidos por per\u00edodo m\u00ednimo estabelecido pelas autoridades. Embora previsto no ordenamento migrat\u00f3rio norte-americano, o uso ampliado desse instrumento tem levantado questionamentos sobre o respeito ao devido processo legal e \u00e0s garantias fundamentais.<\/p>\n\n\n\n<p>O governo americano, sob o comando de Donald Trump, expandiu o uso da remo\u00e7\u00e3o acelerada para quem entrou ilegalmente e n\u00e3o consegue provar que vive nos EUA h\u00e1 pelo menos dois anos\u201d. A medida, segundo ele, produz efeitos que ultrapassam o campo administrativo e atingem diretamente a esfera dos direitos humanos.<\/p>\n\n\n\n<p>Outro aspecto preocupante \u00e9 o relato recorrente de apresenta\u00e7\u00e3o, por agentes migrat\u00f3rios, de documentos que implicam ren\u00fancia ao direito de defesa. O ICE tem apresentado documentos onde o imigrante \u2018concorda\u2019 em ser deportado sem audi\u00eancia judicial, n\u00e3o sendo recomendado assinar nada sem orienta\u00e7\u00e3o jur\u00eddica. Em contextos de deten\u00e7\u00e3o, muitas vezes marcados por vulnerabilidade emocional e desconhecimento da legisla\u00e7\u00e3o, a assinatura desses termos pode significar a perda definitiva de qualquer possibilidade de contesta\u00e7\u00e3o.<\/p>\n\n\n\n<p>A preocupa\u00e7\u00e3o n\u00e3o se restringe aos imigrantes em situa\u00e7\u00e3o irregular. O ambiente de intensifica\u00e7\u00e3o das a\u00e7\u00f5es migrat\u00f3rias tem gerado inseguran\u00e7a generalizada entre estrangeiros, inclusive aqueles que ingressam nos Estados Unidos de forma regular, como turistas e estudantes. Neste contexto de velocidade hiperacelerada de deten\u00e7\u00e3o, expuls\u00e3o e deporta\u00e7\u00e3o de imigrantes ilegais, h\u00e1 uma inseguran\u00e7a muito grande aos estrangeiros, diante de a\u00e7\u00f5es truculentas e potencialmente violadoras dos direitos humanos e princ\u00edpios fundamentais\u201d.<\/p>\n\n\n\n<p>\u00c9 leg\u00edtimo que Estados estabele\u00e7am pol\u00edticas migrat\u00f3rias e fiscalizem suas fronteiras. Trata-se de prerrogativa inerente \u00e0 soberania nacional. No entanto, a ado\u00e7\u00e3o de mecanismos que relativizem garantias processuais b\u00e1sicas ou que permitam tratamentos degradantes compromete n\u00e3o apenas a imagem internacional de um pa\u00eds, mas tamb\u00e9m os pilares do Estado de Direito.<\/p>\n\n\n\n<p>Historicamente, os Estados Unidos consolidaram-se como refer\u00eancia global na defesa de liberdades individuais e garantias fundamentais. O endurecimento das pol\u00edticas migrat\u00f3rias, quando dissociado desses valores, cria uma contradi\u00e7\u00e3o institucional que fragiliza o discurso democr\u00e1tico que o pa\u00eds tradicionalmente projeta ao mundo.<\/p>\n\n\n\n<p>Para o Brasil, o fen\u00f4meno das deporta\u00e7\u00f5es em massa tamb\u00e9m produz reflexos sociais relevantes. O retorno for\u00e7ado de cidad\u00e3os, muitas vezes ap\u00f3s anos de resid\u00eancia no exterior, implica desafios de reinser\u00e7\u00e3o profissional, impacto psicol\u00f3gico e reestrutura\u00e7\u00e3o familiar. Trata-se de uma quest\u00e3o que exige pol\u00edticas p\u00fablicas de acolhimento e reintegra\u00e7\u00e3o social, sob pena de perpetuar ciclos de vulnerabilidade.<\/p>\n\n\n\n<p><a href=\"https:\/\/whatsapp.com\/channel\/0029Va8e466AO7RPLL06EL2h\" target=\"_blank\" rel=\"noreferrer noopener\"><strong>Siga nosso canal no WhatsApp e receba not\u00edcias relevantes para o seu dia<\/strong><\/a><\/p>\n\n\n\n<p>O debate migrat\u00f3rio contempor\u00e2neo exige equil\u00edbrio entre controle estatal e respeito aos direitos humanos. A busca por seguran\u00e7a e organiza\u00e7\u00e3o migrat\u00f3ria n\u00e3o pode justificar a supress\u00e3o de garantias fundamentais. Fronteiras existem, mas n\u00e3o podem servir como barreiras para a dignidade humana.<\/p>\n\n\n\n<p>Fonte: <a href=\"https:\/\/www.em.com.br\/opiniao\/2026\/02\/7350281-o-custo-humano-do-endurecimento-migratorio.html\">https:\/\/www.em.com.br\/opiniao\/2026\/02\/7350281-o-custo-humano-do-endurecimento-migratorio.html<\/a><\/p>\n\n\n\n<p><\/p>\n","protected":false},"excerpt":{"rendered":"<p>O retorno for\u00e7ado de cidad\u00e3os, muitas vezes ap\u00f3s anos de resid\u00eancia no exterior, implica desafios de reinser\u00e7\u00e3o profissional e reestrutura\u00e7\u00e3o familiar. Eduardo Maur\u00edcioAdvogado no Brasil, em Portugal, na Hungria e na Espanha O recrudescimento da pol\u00edtica migrat\u00f3ria dos Estados Unidos, especialmente ap\u00f3s o retorno de Donald Trump ao comando da Casa Branca, reacendeu um debate [&hellip;]<\/p>\n","protected":false},"author":3,"featured_media":6797,"comment_status":"open","ping_status":"open","sticky":false,"template":"","format":"standard","meta":{"_seopress_robots_primary_cat":"","_seopress_titles_title":"","_seopress_titles_desc":"","_seopress_robots_index":"","footnotes":""},"categories":[20],"tags":[168,111,89,165,38,72,53,62,58,74],"class_list":["post-6795","post","type-post","status-publish","format-standard","has-post-thumbnail","hentry","category-imprensa","tag-advogado24horas","tag-advogadobrasileiroemportugal","tag-extradicao-2","tag-melhoradvogadoemportugal","tag-advogado-criminalista","tag-direitopenal","tag-eduardomauricio","tag-extradicao","tag-portugal","tag-skyecc"],"_links":{"self":[{"href":"https:\/\/eduardomauricioadvocacia.com\/index.php\/wp-json\/wp\/v2\/posts\/6795","targetHints":{"allow":["GET"]}}],"collection":[{"href":"https:\/\/eduardomauricioadvocacia.com\/index.php\/wp-json\/wp\/v2\/posts"}],"about":[{"href":"https:\/\/eduardomauricioadvocacia.com\/index.php\/wp-json\/wp\/v2\/types\/post"}],"author":[{"embeddable":true,"href":"https:\/\/eduardomauricioadvocacia.com\/index.php\/wp-json\/wp\/v2\/users\/3"}],"replies":[{"embeddable":true,"href":"https:\/\/eduardomauricioadvocacia.com\/index.php\/wp-json\/wp\/v2\/comments?post=6795"}],"version-history":[{"count":1,"href":"https:\/\/eduardomauricioadvocacia.com\/index.php\/wp-json\/wp\/v2\/posts\/6795\/revisions"}],"predecessor-version":[{"id":6798,"href":"https:\/\/eduardomauricioadvocacia.com\/index.php\/wp-json\/wp\/v2\/posts\/6795\/revisions\/6798"}],"wp:featuredmedia":[{"embeddable":true,"href":"https:\/\/eduardomauricioadvocacia.com\/index.php\/wp-json\/wp\/v2\/media\/6797"}],"wp:attachment":[{"href":"https:\/\/eduardomauricioadvocacia.com\/index.php\/wp-json\/wp\/v2\/media?parent=6795"}],"wp:term":[{"taxonomy":"category","embeddable":true,"href":"https:\/\/eduardomauricioadvocacia.com\/index.php\/wp-json\/wp\/v2\/categories?post=6795"},{"taxonomy":"post_tag","embeddable":true,"href":"https:\/\/eduardomauricioadvocacia.com\/index.php\/wp-json\/wp\/v2\/tags?post=6795"}],"curies":[{"name":"wp","href":"https:\/\/api.w.org\/{rel}","templated":true}]}}