{"id":6845,"date":"2026-03-12T16:43:37","date_gmt":"2026-03-12T16:43:37","guid":{"rendered":"https:\/\/eduardomauricioadvocacia.com\/?p=6845"},"modified":"2026-03-12T16:43:37","modified_gmt":"2026-03-12T16:43:37","slug":"um-possivel-impeachment-de-ministros-do-stf","status":"publish","type":"post","link":"https:\/\/eduardomauricioadvocacia.com\/index.php\/2026\/03\/12\/um-possivel-impeachment-de-ministros-do-stf\/","title":{"rendered":"Um poss\u00edvel impeachment de ministros do STF?"},"content":{"rendered":"\n<p>Uma pergunta ultrapassa o caso concreto: at\u00e9 que ponto investiga\u00e7\u00f5es parlamentares sobre ministros da Suprema Corte representam exerc\u00edcio leg\u00edtimo de fiscaliza\u00e7\u00e3o democr\u00e1tica \u2014 e em que momento passam a configurar press\u00e3o pol\u00edtica sobre a independ\u00eancia do Poder Judici\u00e1rio?<\/p>\n\n\n\n<p>As mensagens recentemente divulgadas pela m\u00eddia e j\u00e1 de conhecimento p\u00fablico indicam a exist\u00eancia de rela\u00e7\u00f5es, ainda que indiretas \u2014 e sem qualquer comprova\u00e7\u00e3o, at\u00e9 o momento, da pr\u00e1tica de il\u00edcitos \u2014 envolvendo o banqueiro Daniel Vorcaro e pessoas ligadas a ministros do Supremo Tribunal Federal.<\/p>\n\n\n\n<p>De um lado, mencionam-se neg\u00f3cios realizados entre uma empresa da fam\u00edlia do ministro Dias Toffoli e um fundo ligado ao Banco Master, ocorridos antes de o magistrado deixar a relatoria do caso no Supremo. De outro, destaca-se a rela\u00e7\u00e3o profissional, j\u00e1 conhecida publicamente, entre Vorcaro e sua antiga advogada, que \u00e9 esposa do ministro Alexandre de Moraes. Segundo informa\u00e7\u00f5es divulgadas, haveria contrato de honor\u00e1rios em valores multimilion\u00e1rios para presta\u00e7\u00e3o de servi\u00e7os de natureza consultiva e de compliance \u2014 e n\u00e3o para atua\u00e7\u00e3o judicial perante o Supremo Tribunal Federal.<\/p>\n\n\n\n<p>Nesse contexto, mensagens interceptadas pela Pol\u00edcia Federal passaram a alimentar questionamentos p\u00fablicos sobre eventual proximidade entre Vorcaro e Moraes. Parte da sociedade passou a indagar se a rela\u00e7\u00e3o cliente-advogado mantida entre o banqueiro e a esposa do ministro poderia, ao menos em tese, abrir espa\u00e7o para influ\u00eancia indevida junto \u00e0 mais alta inst\u00e2ncia do Poder Judici\u00e1rio brasileiro.<\/p>\n\n\n\n<p>Em rela\u00e7\u00e3o a Toffoli, os questionamentos concentram-se na eventual imparcialidade do magistrado, sobretudo diante da exist\u00eancia de neg\u00f3cios empresariais envolvendo sociedade da qual participa e um fundo ligado \u00e0 institui\u00e7\u00e3o financeira investigada, realizados antes de sua sa\u00edda da relatoria do caso no Supremo.<\/p>\n\n\n\n<p>Diante desse cen\u00e1rio, ganhou for\u00e7a no Senado a recente iniciativa liderada pelo senador Alessandro Vieira para a cria\u00e7\u00e3o de uma Comiss\u00e3o Parlamentar de Inqu\u00e9rito (CPI) destinada a investigar supostas rela\u00e7\u00f5es pessoais e financeiras entre ministros do STF e o banqueiro Daniel Vorcaro. O objetivo declarado \u00e9 apurar elementos extra\u00eddos do celular do empres\u00e1rio no contexto das investiga\u00e7\u00f5es sobre o Banco Master.<\/p>\n\n\n\n<p>O requerimento de cria\u00e7\u00e3o da CPI reuniu, em mar\u00e7o de 2026, 35 assinaturas \u2014 n\u00famero superior ao m\u00ednimo constitucional de 27 senadores necess\u00e1rio para a abertura da comiss\u00e3o. A proposta busca investigar poss\u00edveis ind\u00edcios de influ\u00eancia e eventual lavagem de capitais envolvendo o Banco Master, ap\u00f3s quebras de sigilo e an\u00e1lises de dados digitais indicarem di\u00e1logos entre Vorcaro e o ministro Alexandre de Moraes, al\u00e9m de poss\u00edveis conex\u00f5es familiares envolvendo o ministro Dias Toffoli.<\/p>\n\n\n\n<p>Do ponto de vista procedimental, a instala\u00e7\u00e3o da CPI depende agora de algumas etapas regimentais. O primeiro passo consiste na leitura do requerimento em plen\u00e1rio pelo presidente do Senado, Davi Alcolumbre, ato que formaliza o pedido de abertura da comiss\u00e3o. Em seguida, a Secretaria-Geral da Mesa realiza a confer\u00eancia das assinaturas para verificar se o n\u00famero m\u00ednimo de apoiadores permanece v\u00e1lido.<\/p>\n\n\n\n<p>Na sequ\u00eancia, caber\u00e1 ao presidente da Casa avaliar se o pedido atende aos requisitos constitucionais para cria\u00e7\u00e3o de uma CPI: fato determinado, prazo certo de funcionamento e n\u00famero m\u00ednimo de assinaturas. Uma vez superada essa etapa, os l\u00edderes partid\u00e1rios indicar\u00e3o os senadores que compor\u00e3o a comiss\u00e3o, respeitando a proporcionalidade das bancadas. Somente ap\u00f3s a indica\u00e7\u00e3o dos membros ocorrer\u00e1 a primeira reuni\u00e3o da CPI, na qual ser\u00e3o eleitos o presidente e o relator, marcando o in\u00edcio formal das investiga\u00e7\u00f5es parlamentares.<\/p>\n\n\n\n<p>Paralelamente, outro movimento institucional tamb\u00e9m avan\u00e7a. A chamada CPI do Crime Organizado, relacionada \u00e0s investiga\u00e7\u00f5es envolvendo o INSS, j\u00e1 aprovou requerimentos de quebra de sigilo e convites para ouvir ministros do Supremo sobre o mesmo conjunto de fatos.<\/p>\n\n\n\n<p>Esse cen\u00e1rio evidencia um momento de tens\u00e3o crescente na rela\u00e7\u00e3o entre o Senado e o STF. Historicamente, a Casa Alta do Congresso demonstrou forte resist\u00eancia em avan\u00e7ar com investiga\u00e7\u00f5es envolvendo ministros da Corte. A obten\u00e7\u00e3o do n\u00famero necess\u00e1rio de assinaturas para a cria\u00e7\u00e3o da CPI, contudo, indica que essa tradicional \u201cblindagem institucional\u201d pode estar se enfraquecendo.<\/p>\n\n\n\n<p>O apoio de parlamentares de diferentes campos pol\u00edticos, incluindo nomes da oposi\u00e7\u00e3o e setores do centro, sugere uma converg\u00eancia circunstancial de interesses em torno da apura\u00e7\u00e3o do caso. Al\u00e9m disso, a CPI j\u00e1 aprovou requerimentos de quebra de sigilo de empresas ligadas a familiares do ministro Dias Toffoli e convites para que ministros do Supremo prestem esclarecimentos ao Parlamento.<\/p>\n\n\n\n<p>Em rea\u00e7\u00e3o, decis\u00f5es individuais de ministros do STF \u2014 entre elas manifesta\u00e7\u00f5es do ministro Gilmar Mendes \u2014 buscaram suspender determinadas medidas aprovadas no \u00e2mbito parlamentar, dando in\u00edcio a um ciclo de recursos e contesta\u00e7\u00f5es entre os poderes.<\/p>\n\n\n\n<p>O ponto mais sens\u00edvel desse embate institucional reside na crescente press\u00e3o pol\u00edtica por pedidos de impeachment de ministros do Supremo. O Senado atualmente acumula dezenas de representa\u00e7\u00f5es com essa finalidade, sendo Alexandre de Moraes um dos ministros que concentram maior n\u00famero de pedidos.<\/p>\n\n\n\n<p>Nesse contexto, a CPI pode assumir uma dupla natureza: de um lado, instrumento leg\u00edtimo de investiga\u00e7\u00e3o parlamentar; de outro, mecanismo de press\u00e3o pol\u00edtica sobre a Corte. A aus\u00eancia de assinaturas de senadores ligados ao governo e a partidos como o PT refor\u00e7a a leitura de que a iniciativa \u00e9 majoritariamente impulsionada pela oposi\u00e7\u00e3o, em um cen\u00e1rio de crescente confronto institucional.<\/p>\n\n\n\n<p>Contudo, \u00e9 fundamental lembrar que o poder investigat\u00f3rio de uma CPI encontra limites constitucionais claros quando se trata de membros do Supremo Tribunal Federal.<\/p>\n\n\n\n<p>Em primeiro lugar, comiss\u00f5es parlamentares n\u00e3o podem revisar ou anular decis\u00f5es judiciais proferidas por ministros do STF. O controle sobre atos jurisdicionais \u00e9 mat\u00e9ria restrita ao pr\u00f3prio Judici\u00e1rio ou ao processo pol\u00edtico-jur\u00eddico de impeachment conduzido pelo Senado.<\/p>\n\n\n\n<p>Al\u00e9m disso, ministros do Supremo n\u00e3o podem ser convocados coercitivamente para depor perante uma CPI. Eles podem apenas ser convidados, sem obriga\u00e7\u00e3o legal de comparecimento.<\/p>\n\n\n\n<p>Outro limite relevante decorre da chamada reserva de jurisdi\u00e7\u00e3o. Medidas como busca e apreens\u00e3o domiciliar, intercepta\u00e7\u00e3o telef\u00f4nica e determinadas quebras de sigilo dependem de autoriza\u00e7\u00e3o judicial. No caso de autoridades com foro privilegiado, muitas vezes o pr\u00f3prio Supremo \u00e9 a inst\u00e2ncia competente para apreciar esses pedidos, o que cria um inevit\u00e1vel paradoxo institucional.<\/p>\n\n\n\n<p>Por fim, investiga\u00e7\u00f5es parlamentares que extrapolem o fato determinado ou invadam a esfera de compet\u00eancia de outro poder podem ser suspensas por decis\u00f5es liminares do pr\u00f3prio STF, risco j\u00e1 verificado em conflitos institucionais anteriores.<\/p>\n\n\n\n<p>Apesar dessas limita\u00e7\u00f5es, o ambiente pol\u00edtico segue em ebuli\u00e7\u00e3o. A divulga\u00e7\u00e3o de mensagens envolvendo Daniel Vorcaro e Alexandre de Moraes estimulou novas iniciativas pol\u00edticas contra o ministro. O governador de Minas Gerais, Romeu Zema, por exemplo, anunciou a inten\u00e7\u00e3o de protocolar novo pedido de impeachment com base nessas revela\u00e7\u00f5es.<\/p>\n\n\n\n<p>Assim, a press\u00e3o pol\u00edtica sobre o Senado tende a aumentar. Parlamentares contr\u00e1rios \u00e0 atua\u00e7\u00e3o de determinados ministros do Supremo cobram do presidente da Casa uma posi\u00e7\u00e3o sobre os pedidos de impedimento j\u00e1 apresentados.<\/p>\n\n\n\n<p>Para esses setores, a eventual exist\u00eancia de comunica\u00e7\u00e3o entre um julgador e um investigado \u2014 ainda que mediada por rela\u00e7\u00f5es profissionais leg\u00edtimas \u2014 levanta questionamentos \u00e9ticos sobre a apar\u00eancia de imparcialidade judicial. Para outros, contudo, trata-se de um movimento pol\u00edtico que pode colocar em risco o delicado equil\u00edbrio entre os poderes da Rep\u00fablica.<\/p>\n\n\n\n<p>Seja qual for o desfecho, o epis\u00f3dio evidencia o grau de tens\u00e3o institucional que marca atualmente a rela\u00e7\u00e3o entre o Congresso Nacional e o Supremo Tribunal Federal.<\/p>\n\n\n\n<p>E deixa no ar uma pergunta que ultrapassa o caso concreto: at\u00e9 que ponto investiga\u00e7\u00f5es parlamentares sobre ministros da Suprema Corte representam exerc\u00edcio leg\u00edtimo de fiscaliza\u00e7\u00e3o democr\u00e1tica \u2014 e em que momento passam a configurar press\u00e3o pol\u00edtica sobre a independ\u00eancia do Poder Judici\u00e1rio?<\/p>\n\n\n\n<p>Fonte: <a href=\"https:\/\/www.estadao.com.br\/politica\/blog-do-fausto-macedo\/um-possivel-impeachment-de-ministros-do-stf\/\">https:\/\/www.estadao.com.br\/politica\/blog-do-fausto-macedo\/um-possivel-impeachment-de-ministros-do-stf\/<\/a><\/p>\n\n\n\n<p><\/p>\n","protected":false},"excerpt":{"rendered":"<p>Uma pergunta ultrapassa o caso concreto: at\u00e9 que ponto investiga\u00e7\u00f5es parlamentares sobre ministros da Suprema Corte representam exerc\u00edcio leg\u00edtimo de fiscaliza\u00e7\u00e3o democr\u00e1tica \u2014 e em que momento passam a configurar press\u00e3o pol\u00edtica sobre a independ\u00eancia do Poder Judici\u00e1rio? As mensagens recentemente divulgadas pela m\u00eddia e j\u00e1 de conhecimento p\u00fablico indicam a exist\u00eancia de rela\u00e7\u00f5es, ainda [&hellip;]<\/p>\n","protected":false},"author":3,"featured_media":6847,"comment_status":"open","ping_status":"open","sticky":false,"template":"","format":"standard","meta":{"_seopress_robots_primary_cat":"","_seopress_titles_title":"","_seopress_titles_desc":"","_seopress_robots_index":"","footnotes":""},"categories":[20],"tags":[168,111,89,165,38,72,53,62,58,74],"class_list":["post-6845","post","type-post","status-publish","format-standard","has-post-thumbnail","hentry","category-imprensa","tag-advogado24horas","tag-advogadobrasileiroemportugal","tag-extradicao-2","tag-melhoradvogadoemportugal","tag-advogado-criminalista","tag-direitopenal","tag-eduardomauricio","tag-extradicao","tag-portugal","tag-skyecc"],"_links":{"self":[{"href":"https:\/\/eduardomauricioadvocacia.com\/index.php\/wp-json\/wp\/v2\/posts\/6845","targetHints":{"allow":["GET"]}}],"collection":[{"href":"https:\/\/eduardomauricioadvocacia.com\/index.php\/wp-json\/wp\/v2\/posts"}],"about":[{"href":"https:\/\/eduardomauricioadvocacia.com\/index.php\/wp-json\/wp\/v2\/types\/post"}],"author":[{"embeddable":true,"href":"https:\/\/eduardomauricioadvocacia.com\/index.php\/wp-json\/wp\/v2\/users\/3"}],"replies":[{"embeddable":true,"href":"https:\/\/eduardomauricioadvocacia.com\/index.php\/wp-json\/wp\/v2\/comments?post=6845"}],"version-history":[{"count":1,"href":"https:\/\/eduardomauricioadvocacia.com\/index.php\/wp-json\/wp\/v2\/posts\/6845\/revisions"}],"predecessor-version":[{"id":6848,"href":"https:\/\/eduardomauricioadvocacia.com\/index.php\/wp-json\/wp\/v2\/posts\/6845\/revisions\/6848"}],"wp:featuredmedia":[{"embeddable":true,"href":"https:\/\/eduardomauricioadvocacia.com\/index.php\/wp-json\/wp\/v2\/media\/6847"}],"wp:attachment":[{"href":"https:\/\/eduardomauricioadvocacia.com\/index.php\/wp-json\/wp\/v2\/media?parent=6845"}],"wp:term":[{"taxonomy":"category","embeddable":true,"href":"https:\/\/eduardomauricioadvocacia.com\/index.php\/wp-json\/wp\/v2\/categories?post=6845"},{"taxonomy":"post_tag","embeddable":true,"href":"https:\/\/eduardomauricioadvocacia.com\/index.php\/wp-json\/wp\/v2\/tags?post=6845"}],"curies":[{"name":"wp","href":"https:\/\/api.w.org\/{rel}","templated":true}]}}