{"id":6972,"date":"2026-04-25T18:06:03","date_gmt":"2026-04-25T18:06:03","guid":{"rendered":"https:\/\/eduardomauricioadvocacia.com\/?p=6972"},"modified":"2026-04-25T18:06:03","modified_gmt":"2026-04-25T18:06:03","slug":"empresarios-suspeitos-da-importacao-de-900-quilos-de-cocaina-ficam-em-prisao-preventiva","status":"publish","type":"post","link":"https:\/\/eduardomauricioadvocacia.com\/index.php\/2026\/04\/25\/empresarios-suspeitos-da-importacao-de-900-quilos-de-cocaina-ficam-em-prisao-preventiva\/","title":{"rendered":"Empres\u00e1rios suspeitos da importa\u00e7\u00e3o de 900 quilos de coca\u00edna ficam em pris\u00e3o preventiva"},"content":{"rendered":"\n<p>Segundo apurou o JN, o juiz a quem os arguidos foram apresentados entendeu haver raz\u00f5es para aplicar a mais gravosa das medidas de coa\u00e7\u00e3o. Os dois empres\u00e1rios, de nacionalidade brasileira, tinham viagem marcada para o seu pa\u00eds, o que ter\u00e1 levado o magistrado judicial a ter em conta o perigo de fuga, um dos crit\u00e9rios principais de aplica\u00e7\u00e3o da pris\u00e3o preventiva.<\/p>\n\n\n\n<p>Tamb\u00e9m tinha sido o risco de fuga que levara a Pol\u00edcia Judici\u00e1ria de Braga a deter os suspeitos na quinta-feira. A droga j\u00e1 tinha chegado ao porto de Leix\u00f5es h\u00e1 cerca de dois meses, num dos dez contentores de mercadorias importados pelos dois empres\u00e1rios, mas a PJ n\u00e3o avan\u00e7ou para a sua apreens\u00e3o, porque esperava apanhar os empres\u00e1rios em flagrante delito, a desalfandegar as mercadorias em Leix\u00f5es. Mas, como aqueles se preparavam para viajar para o Brasil e isso poderia permitir-lhes escapar \u00e0 justi\u00e7a, a PJ de Braga, dirigida por Jos\u00e9 Monteiro, deteve-os quando estavam ainda alojados numa pens\u00e3o em Famalic\u00e3o.<\/p>\n\n\n\n<p><em>Coca\u00edna chegou ao porto de Leix\u00f5es em sacos de a\u00e7\u00facar (Foto: Joaquim Gomes)<\/em><\/p>\n\n\n\n<p>Os 900 quilos de droga teriam um valor no mercado negro que a PJ de Braga estima em cerca de 50 milh\u00f5es de euros. Esta foi a maior apreens\u00e3o de coca\u00edna alguma vez feita pelo Departamento de Investiga\u00e7\u00e3o Criminal de Braga da PJ.<\/p>\n\n\n\n<p>O advogado dos detidos, Eduardo Maur\u00edcio, anuncia &#8220;que a defesa ir\u00e1 entrar com pedido de altera\u00e7\u00e3o de medida de coac\u00e7\u00e3o e interpor recurso ao Tribunal da Rela\u00e7\u00e3o&#8221;. &#8220;Importante ressaltar que ambos empres\u00e1rios s\u00e3o presumidos inocentes at\u00e9 que o processo transite em julgado&#8221;, alega Eduardo Maur\u00edcio, que lembra que o caso &#8220;ainda est\u00e1 em fase de investiga\u00e7\u00e3o e sem uma conclus\u00e3o policial&#8221;.<\/p>\n\n\n\n<p>Fonte: <a href=\"https:\/\/www.jn.pt\/justica\/artigo\/empresarios-suspeitos-da-importacao-de-900-quilos-de-cocaina-ficam-em-prisao-preventiva\/18077046\">https:\/\/www.jn.pt\/justica\/artigo\/empresarios-suspeitos-da-importacao-de-900-quilos-de-cocaina-ficam-em-prisao-preventiva\/18077046<\/a><\/p>\n\n\n\n<p><\/p>\n","protected":false},"excerpt":{"rendered":"<p>Segundo apurou o JN, o juiz a quem os arguidos foram apresentados entendeu haver raz\u00f5es para aplicar a mais gravosa das medidas de coa\u00e7\u00e3o. Os dois empres\u00e1rios, de nacionalidade brasileira, tinham viagem marcada para o seu pa\u00eds, o que ter\u00e1 levado o magistrado judicial a ter em conta o perigo de fuga, um dos crit\u00e9rios [&hellip;]<\/p>\n","protected":false},"author":3,"featured_media":6973,"comment_status":"open","ping_status":"open","sticky":false,"template":"","format":"standard","meta":{"_seopress_robots_primary_cat":"","_seopress_titles_title":"","_seopress_titles_desc":"","_seopress_robots_index":"","footnotes":""},"categories":[20],"tags":[168,111,89,165,38,79,72,53,62,58,74],"class_list":["post-6972","post","type-post","status-publish","format-standard","has-post-thumbnail","hentry","category-imprensa","tag-advogado24horas","tag-advogadobrasileiroemportugal","tag-extradicao-2","tag-melhoradvogadoemportugal","tag-advogado-criminalista","tag-destaque_hp","tag-direitopenal","tag-eduardomauricio","tag-extradicao","tag-portugal","tag-skyecc"],"_links":{"self":[{"href":"https:\/\/eduardomauricioadvocacia.com\/index.php\/wp-json\/wp\/v2\/posts\/6972","targetHints":{"allow":["GET"]}}],"collection":[{"href":"https:\/\/eduardomauricioadvocacia.com\/index.php\/wp-json\/wp\/v2\/posts"}],"about":[{"href":"https:\/\/eduardomauricioadvocacia.com\/index.php\/wp-json\/wp\/v2\/types\/post"}],"author":[{"embeddable":true,"href":"https:\/\/eduardomauricioadvocacia.com\/index.php\/wp-json\/wp\/v2\/users\/3"}],"replies":[{"embeddable":true,"href":"https:\/\/eduardomauricioadvocacia.com\/index.php\/wp-json\/wp\/v2\/comments?post=6972"}],"version-history":[{"count":1,"href":"https:\/\/eduardomauricioadvocacia.com\/index.php\/wp-json\/wp\/v2\/posts\/6972\/revisions"}],"predecessor-version":[{"id":6974,"href":"https:\/\/eduardomauricioadvocacia.com\/index.php\/wp-json\/wp\/v2\/posts\/6972\/revisions\/6974"}],"wp:featuredmedia":[{"embeddable":true,"href":"https:\/\/eduardomauricioadvocacia.com\/index.php\/wp-json\/wp\/v2\/media\/6973"}],"wp:attachment":[{"href":"https:\/\/eduardomauricioadvocacia.com\/index.php\/wp-json\/wp\/v2\/media?parent=6972"}],"wp:term":[{"taxonomy":"category","embeddable":true,"href":"https:\/\/eduardomauricioadvocacia.com\/index.php\/wp-json\/wp\/v2\/categories?post=6972"},{"taxonomy":"post_tag","embeddable":true,"href":"https:\/\/eduardomauricioadvocacia.com\/index.php\/wp-json\/wp\/v2\/tags?post=6972"}],"curies":[{"name":"wp","href":"https:\/\/api.w.org\/{rel}","templated":true}]}}