{"id":6980,"date":"2026-04-25T20:58:02","date_gmt":"2026-04-25T20:58:02","guid":{"rendered":"https:\/\/eduardomauricioadvocacia.com\/?p=6980"},"modified":"2026-04-25T20:58:02","modified_gmt":"2026-04-25T20:58:02","slug":"portugal-prende-brasileiros-acusados-de-importar-900-kg-de-cocaina-escondidos-em-carga-de-acucar","status":"publish","type":"post","link":"https:\/\/eduardomauricioadvocacia.com\/index.php\/2026\/04\/25\/portugal-prende-brasileiros-acusados-de-importar-900-kg-de-cocaina-escondidos-em-carga-de-acucar\/","title":{"rendered":"Portugal prende brasileiros acusados de importar 900 kg de coca\u00edna escondidos em carga de a\u00e7\u00facar"},"content":{"rendered":"\n<p>Grupo liderado por dois brasileiros usava empresa falsa para trazer entorpecentes em cont\u00eaineres. Defesa nega participa\u00e7\u00e3o nos crimes.<\/p>\n\n\n\n<p>Dois brasileiros foram presos em Portugal sob a acusa\u00e7\u00e3o de importarem 900 kg de coca\u00edna, proveniente do Brasil, em fevereiro. A droga estava oculta em um carregamento de a\u00e7\u00facar que desembarcou no pa\u00eds pelo Porto de Leix\u00f5es.<\/p>\n\n\n\n<p>Marcelo Sousa Costa e Douglas Soriano J\u00fanior foram presos na quinta-feira (23), no dia em que planejavam retornar ao Brasil, segundo a acusa\u00e7\u00e3o da Procuradoria da Rep\u00fablica da Comarca de Braga.<\/p>\n\n\n\n<p>Eles foram indiciados por tr\u00e1fico internacional de drogas e associa\u00e7\u00e3o criminosa. A defesa nega que eles tenham participado dos crimes&nbsp;<\/p>\n\n\n\n<p><a href=\"https:\/\/g1.globo.com\/ultimas-noticias\/video\/veja-os-videos-que-estao-em-alta-no-g1-992055.ghtml\">https:\/\/g1.globo.com\/ultimas-noticias\/video\/veja-os-videos-que-estao-em-alta-no-g1-992055.ghtml<\/a><\/p>\n\n\n\n<p>Segundo a den\u00fancia, eles se associaram a um cidad\u00e3o portugu\u00eas e mais dois brasileiros em um grupo que usava uma empresa falsa para trazer drogas escondidas em carregamentos de alimentos.<\/p>\n\n\n\n<p>A coca\u00edna foi encontrada durante uma vistoria das autoridades portuguesas em fevereiro. Vinte sacos, totalizando 900 kg, estavam escondidos em dez cont\u00eaineres de a\u00e7\u00facar, que seriam descarregados em um dep\u00f3sito pela empresa Hino da Terra, criada a mando de Marcelo Sousa Costa.<\/p>\n\n\n\n<p>De acordo com a acusa\u00e7\u00e3o, Costa era considerado o chefe do grupo, criando empresas, dando ordens sobre as importa\u00e7\u00f5es e ordenando o pagamento de despesas. Soriano J\u00fanior atuava como seu principal auxiliar, cuidando das finan\u00e7as da organiza\u00e7\u00e3o.<\/p>\n\n\n\n<p>O portugu\u00eas seria o respons\u00e1vel por criar as empresas falsas para viabilizar a entrada da droga. Os outros dois brasileiros davam suporte \u00e0s atividades do grupo e intermediaram o contato entre o portugu\u00eas e Marcelo Sousa Costa.<\/p>\n\n\n\n<h2 class=\"wp-block-heading\">O que diz a defesa dos brasileiros<\/h2>\n\n\n\n<p>Em nota, a defesa dos brasileiros disse que \u201co processo est\u00e1 em segredo de justi\u00e7a\u201d, mas afirmou que entrar\u00e1 \u201ccom pedido de altera\u00e7\u00e3o de medida de coa\u00e7\u00e3o se o caso interpor recurso ao Tribunal da Rela\u00e7\u00e3o\u201d.<\/p>\n\n\n\n<p>\u201cAl\u00e9m disso, importante ressaltar que ambos os empres\u00e1rios s\u00e3o presumidos inocentes at\u00e9 que o processo transite em julgado (n\u00e3o tendo qualquer conex\u00e3o com a droga apreendida), sendo que ainda est\u00e1 em fase de investiga\u00e7\u00e3o sem uma conclus\u00e3o policial\u201d, diz a nota assinada pelo advogado Eduardo Maur\u00edcio.<\/p>\n\n\n\n<p>Fonte:<a href=\"https:\/\/g1.globo.com\/google\/amp\/mundo\/noticia\/2026\/04\/25\/portugal-prende-brasileiros-acusados-de-importar-900-kg-de-cocaina-escondidos-em-carga-de-acucar.ghtml\">https:\/\/g1.globo.com\/google\/amp\/mundo\/noticia\/2026\/04\/25\/portugal-prende-brasileiros-acusados-de-importar-900-kg-de-cocaina-escondidos-em-carga-de-acucar.ghtml<\/a><\/p>\n","protected":false},"excerpt":{"rendered":"<p>Grupo liderado por dois brasileiros usava empresa falsa para trazer entorpecentes em cont\u00eaineres. Defesa nega participa\u00e7\u00e3o nos crimes. Dois brasileiros foram presos em Portugal sob a acusa\u00e7\u00e3o de importarem 900 kg de coca\u00edna, proveniente do Brasil, em fevereiro. A droga estava oculta em um carregamento de a\u00e7\u00facar que desembarcou no pa\u00eds pelo Porto de Leix\u00f5es. [&hellip;]<\/p>\n","protected":false},"author":3,"featured_media":6981,"comment_status":"open","ping_status":"open","sticky":false,"template":"","format":"standard","meta":{"_seopress_robots_primary_cat":"","_seopress_titles_title":"","_seopress_titles_desc":"","_seopress_robots_index":"","footnotes":""},"categories":[20],"tags":[168,111,89,165,38,79,72,53,62,74],"class_list":["post-6980","post","type-post","status-publish","format-standard","has-post-thumbnail","hentry","category-imprensa","tag-advogado24horas","tag-advogadobrasileiroemportugal","tag-extradicao-2","tag-melhoradvogadoemportugal","tag-advogado-criminalista","tag-destaque_hp","tag-direitopenal","tag-eduardomauricio","tag-extradicao","tag-skyecc"],"_links":{"self":[{"href":"https:\/\/eduardomauricioadvocacia.com\/index.php\/wp-json\/wp\/v2\/posts\/6980","targetHints":{"allow":["GET"]}}],"collection":[{"href":"https:\/\/eduardomauricioadvocacia.com\/index.php\/wp-json\/wp\/v2\/posts"}],"about":[{"href":"https:\/\/eduardomauricioadvocacia.com\/index.php\/wp-json\/wp\/v2\/types\/post"}],"author":[{"embeddable":true,"href":"https:\/\/eduardomauricioadvocacia.com\/index.php\/wp-json\/wp\/v2\/users\/3"}],"replies":[{"embeddable":true,"href":"https:\/\/eduardomauricioadvocacia.com\/index.php\/wp-json\/wp\/v2\/comments?post=6980"}],"version-history":[{"count":1,"href":"https:\/\/eduardomauricioadvocacia.com\/index.php\/wp-json\/wp\/v2\/posts\/6980\/revisions"}],"predecessor-version":[{"id":6982,"href":"https:\/\/eduardomauricioadvocacia.com\/index.php\/wp-json\/wp\/v2\/posts\/6980\/revisions\/6982"}],"wp:featuredmedia":[{"embeddable":true,"href":"https:\/\/eduardomauricioadvocacia.com\/index.php\/wp-json\/wp\/v2\/media\/6981"}],"wp:attachment":[{"href":"https:\/\/eduardomauricioadvocacia.com\/index.php\/wp-json\/wp\/v2\/media?parent=6980"}],"wp:term":[{"taxonomy":"category","embeddable":true,"href":"https:\/\/eduardomauricioadvocacia.com\/index.php\/wp-json\/wp\/v2\/categories?post=6980"},{"taxonomy":"post_tag","embeddable":true,"href":"https:\/\/eduardomauricioadvocacia.com\/index.php\/wp-json\/wp\/v2\/tags?post=6980"}],"curies":[{"name":"wp","href":"https:\/\/api.w.org\/{rel}","templated":true}]}}