{"id":6984,"date":"2026-04-26T12:48:03","date_gmt":"2026-04-26T12:48:03","guid":{"rendered":"https:\/\/eduardomauricioadvocacia.com\/?p=6984"},"modified":"2026-04-28T12:50:08","modified_gmt":"2026-04-28T12:50:08","slug":"advogado-dos-brasileiros-detidos-em-famalicao-no-caso-do-acucar-que-era-droga-garante-inocencia-e-prepara-recurso","status":"publish","type":"post","link":"https:\/\/eduardomauricioadvocacia.com\/index.php\/2026\/04\/26\/advogado-dos-brasileiros-detidos-em-famalicao-no-caso-do-acucar-que-era-droga-garante-inocencia-e-prepara-recurso\/","title":{"rendered":"Advogado dos brasileiros detidos em Famalic\u00e3o no caso do a\u00e7\u00facar que era droga garante inoc\u00eancia e prepara recurso"},"content":{"rendered":"\n<p>O advogado sublinhou que os seus clientes, Marcelo Sousa Costa e Douglas Soriano J\u00fanior, residentes na freguesia de Calend\u00e1rio, s\u00e3o &#8220;presumidos inocentes at\u00e9 que o processo transite em julgado&#8221;, acrescentando que &#8220;n\u00e3o t\u00eam qualquer liga\u00e7\u00e3o com a droga apreendida&#8221;.<\/p>\n\n\n\n<p>Advogado dos brasileiros detidos em Famalic\u00e3o no caso do a\u00e7\u00facar que era droga garante inoc\u00eancia e prepara recurso<\/p>\n\n\n\n<p>O advogado Eduardo Maur\u00edcio, que representa os dois empres\u00e1rios brasileiros detidos em Calend\u00e1rio, Famalic\u00e3o, no \u00e2mbito de uma investiga\u00e7\u00e3o por tr\u00e1fico internacional de droga, negou qualquer liga\u00e7\u00e3o dos seus clientes com os 900kg de coca\u00edna apreendidos recentemente, com liga\u00e7\u00e3o a uma empresa famalicense que importava, entre outros produtos, a\u00e7\u00facar.<\/p>\n\n\n\n<p>Segundo o portal de not\u00edcias da&nbsp;<a href=\"https:\/\/g1.globo.com\/google\/amp\/mundo\/noticia\/2026\/04\/25\/portugal-prende-brasileiros-acusados-de-importar-900-kg-de-cocaina-escondidos-em-carga-de-acucar.ghtml\">TV Globo<\/a>, o advogado sublinhou que os seus clientes, Marcelo Sousa Costa e Douglas Soriano J\u00fanior, s\u00e3o \u201cpresumidos inocentes at\u00e9 que o processo transite em julgado\u201d, acrescentando que \u201cn\u00e3o t\u00eam qualquer liga\u00e7\u00e3o com a droga apreendida\u201d.<\/p>\n\n\n\n<p>A defesa referiu ainda que o processo \u201cest\u00e1 em segredo de justi\u00e7a\u201d e adiantou que ir\u00e1 apresentar um pedido de altera\u00e7\u00e3o da medida de coa\u00e7\u00e3o, com poss\u00edvel recurso ao Tribunal da Rela\u00e7\u00e3o.<\/p>\n\n\n\n<p>Eduardo Maur\u00edcio lembrou que a investiga\u00e7\u00e3o \u201cest\u00e1 ainda em fase de instru\u00e7\u00e3o, sem uma conclus\u00e3o policial definitiva\u201d, apelando \u00e0 presun\u00e7\u00e3o de inoc\u00eancia dos dois arguidos.<\/p>\n\n\n\n<p>Fonte: <a href=\"https:\/\/sapo.pt\/artigo\/advogado-dos-brasileiros-detidos-em-famalicao-no-caso-do-acucar-que-era-droga-garante-inocencia-e-prepara-recurso-69edf65999947c079431817a\">https:\/\/sapo.pt\/artigo\/advogado-dos-brasileiros-detidos-em-famalicao-no-caso-do-acucar-que-era-droga-garante-inocencia-e-prepara-recurso-69edf65999947c079431817a<\/a><\/p>\n\n\n\n<p><\/p>\n","protected":false},"excerpt":{"rendered":"<p>O advogado sublinhou que os seus clientes, Marcelo Sousa Costa e Douglas Soriano J\u00fanior, residentes na freguesia de Calend\u00e1rio, s\u00e3o &#8220;presumidos inocentes at\u00e9 que o processo transite em julgado&#8221;, acrescentando que &#8220;n\u00e3o t\u00eam qualquer liga\u00e7\u00e3o com a droga apreendida&#8221;. Advogado dos brasileiros detidos em Famalic\u00e3o no caso do a\u00e7\u00facar que era droga garante inoc\u00eancia e [&hellip;]<\/p>\n","protected":false},"author":3,"featured_media":6985,"comment_status":"open","ping_status":"open","sticky":false,"template":"","format":"standard","meta":{"_seopress_robots_primary_cat":"","_seopress_titles_title":"","_seopress_titles_desc":"","_seopress_robots_index":"","footnotes":""},"categories":[20],"tags":[168,111,89,165,38,72,53,62,58,74],"class_list":["post-6984","post","type-post","status-publish","format-standard","has-post-thumbnail","hentry","category-imprensa","tag-advogado24horas","tag-advogadobrasileiroemportugal","tag-extradicao-2","tag-melhoradvogadoemportugal","tag-advogado-criminalista","tag-direitopenal","tag-eduardomauricio","tag-extradicao","tag-portugal","tag-skyecc"],"_links":{"self":[{"href":"https:\/\/eduardomauricioadvocacia.com\/index.php\/wp-json\/wp\/v2\/posts\/6984","targetHints":{"allow":["GET"]}}],"collection":[{"href":"https:\/\/eduardomauricioadvocacia.com\/index.php\/wp-json\/wp\/v2\/posts"}],"about":[{"href":"https:\/\/eduardomauricioadvocacia.com\/index.php\/wp-json\/wp\/v2\/types\/post"}],"author":[{"embeddable":true,"href":"https:\/\/eduardomauricioadvocacia.com\/index.php\/wp-json\/wp\/v2\/users\/3"}],"replies":[{"embeddable":true,"href":"https:\/\/eduardomauricioadvocacia.com\/index.php\/wp-json\/wp\/v2\/comments?post=6984"}],"version-history":[{"count":1,"href":"https:\/\/eduardomauricioadvocacia.com\/index.php\/wp-json\/wp\/v2\/posts\/6984\/revisions"}],"predecessor-version":[{"id":6986,"href":"https:\/\/eduardomauricioadvocacia.com\/index.php\/wp-json\/wp\/v2\/posts\/6984\/revisions\/6986"}],"wp:featuredmedia":[{"embeddable":true,"href":"https:\/\/eduardomauricioadvocacia.com\/index.php\/wp-json\/wp\/v2\/media\/6985"}],"wp:attachment":[{"href":"https:\/\/eduardomauricioadvocacia.com\/index.php\/wp-json\/wp\/v2\/media?parent=6984"}],"wp:term":[{"taxonomy":"category","embeddable":true,"href":"https:\/\/eduardomauricioadvocacia.com\/index.php\/wp-json\/wp\/v2\/categories?post=6984"},{"taxonomy":"post_tag","embeddable":true,"href":"https:\/\/eduardomauricioadvocacia.com\/index.php\/wp-json\/wp\/v2\/tags?post=6984"}],"curies":[{"name":"wp","href":"https:\/\/api.w.org\/{rel}","templated":true}]}}